{"id":158371,"date":"2025-11-20T02:17:17","date_gmt":"2025-11-20T02:17:17","guid":{"rendered":"https:\/\/www.europesays.com\/pt\/158371\/"},"modified":"2025-11-20T02:17:17","modified_gmt":"2025-11-20T02:17:17","slug":"vieram-em-socorro-o-gesto-de-amor-que-salvou-marta-melro-numa-semana-dificil-novelas","status":"publish","type":"post","link":"https:\/\/www.europesays.com\/pt\/158371\/","title":{"rendered":"\u00abVieram em socorro\u00bb: O gesto de amor que salvou Marta Melro numa semana dif\u00edcil &#8211; Novelas"},"content":{"rendered":"<p data-end=\"524\" data-start=\"138\"><strong data-end=\"173\" data-start=\"138\">A atriz<a href=\"https:\/\/tvi.iol.pt\/novelas\/marta-melro\/desabafo\/podia-ter-sido-pior-marta-melro-confessa-episodio-surreal-e-deixa-todos-de-boca-aberta\" rel=\"nofollow noopener\" target=\"_blank\"> Marta Melro,<\/a> de 39 anos<\/strong>, voltou a emocionar os seus seguidores com uma <strong data-end=\"258\" data-start=\"221\">publica\u00e7\u00e3o poderosa e inspiradora<\/strong> nas redes sociais. M\u00e3e dedicada da pequena <strong data-end=\"312\" data-start=\"302\">Aurora<\/strong>, Marta partilha frequentemente momentos ternurentos com a filha, mas desta vez conquistou a aten\u00e7\u00e3o de todos com um <strong data-end=\"450\" data-start=\"429\">desabafo profundo<\/strong> sobre o que significa <strong data-end=\"521\" data-start=\"473\">educar uma menina livre, forte e determinada<\/strong>.<\/p>\n<p data-end=\"1024\" data-start=\"526\">Na publica\u00e7\u00e3o, a atriz revelou a import\u00e2ncia do <strong data-end=\"592\" data-start=\"574\">apoio familiar<\/strong>, especialmente nos momentos mais dif\u00edceis. Marta contou que os seus <strong data-end=\"683\" data-start=\"661\">pais vieram ajudar<\/strong> durante uma semana intensa, marcada por <strong data-end=\"765\" data-start=\"724\">muito trabalho e poucas horas de sono<\/strong>, mas que, apesar do cansa\u00e7o, se sentiu rodeada de <strong data-end=\"836\" data-start=\"816\">amor e dedica\u00e7\u00e3o<\/strong>. A atriz escreveu: <strong data-end=\"1022\" data-start=\"856\">\u00abSem saber como estou a sobreviver a esta semana ou melhor, sei! Pais vieram em socorro e ficamos com uma casa com horas de sono em falta mas amor a transbordar!\u00bb<\/strong><\/p>\n<p data-end=\"1024\" data-start=\"526\"><strong data-end=\"1022\" data-start=\"856\"><img loading=\"lazy\" decoding=\"async\" alt=\"\" height=\"176\" src=\"https:\/\/www.europesays.com\/pt\/wp-content\/uploads\/2025\/11\/691de8f0d34e3caad84b755f.webp\" width=\"100\"\/><\/strong><\/p>\n<p data-end=\"1359\" data-start=\"1026\">Este gesto demonstra que a <strong data-end=\"1087\" data-start=\"1053\">ajuda da fam\u00edlia \u00e9 fundamental<\/strong>, mesmo quando se enfrenta rotinas exigentes com uma filha pequena. Marta Melro \u00e9 a prova de que, com <strong data-end=\"1216\" data-start=\"1189\">apoio, dedica\u00e7\u00e3o e amor<\/strong>, \u00e9 poss\u00edvel superar qualquer desafio, mantendo a <strong data-end=\"1290\" data-start=\"1266\">for\u00e7a e a serenidade<\/strong> necess\u00e1rias para criar uma crian\u00e7a <strong data-end=\"1356\" data-start=\"1326\">livre, forte e determinada<\/strong>.<\/p>\n<p data-end=\"1553\" data-start=\"1361\">A partilha emocionou os f\u00e3s, que rapidamente reagiram com coment\u00e1rios de carinho e identifica\u00e7\u00e3o, refor\u00e7ando a ideia de que <strong data-end=\"1526\" data-start=\"1485\">fam\u00edlia e amor s\u00e3o pilares essenciais<\/strong> na vida de qualquer m\u00e3e.<\/p>\n<p data-end=\"1553\" data-start=\"1361\">Veja tamb\u00e9m:\u00a0<\/p>\n<p data-end=\"1553\" data-start=\"1361\"><a href=\"https:\/\/tvi.iol.pt\/novelas\/matilde-reymao\/tratamento\/tenho-sempre-um-bocadinho-de-receio-matilde-reymao-submete-se-a-tratamento\" rel=\"nofollow noopener\" target=\"_blank\">\u00abTenho sempre um bocadinho de receio\u00bb: Matilde Reym\u00e3o submete-se a tratamento &#8211; Novelas &#8211; TVI<\/a><\/p>\n<p data-end=\"1553\" data-start=\"1361\"><a href=\"https:\/\/tvi.iol.pt\/novelas\/kelly-bailey\/ivandro\/amor-puro-kelly-bailey-declara-se-a-alguem-especial-e-nao-e-a-lourenco-ortigao\" rel=\"nofollow noopener\" target=\"_blank\">\u00abAmor puro: Kelly Bailey declara-se a algu\u00e9m especial e n\u00e3o \u00e9 a Louren\u00e7o Ortig\u00e3o &#8211; Novelas &#8211; TVI<\/a><\/p>\n<p data-end=\"1553\" data-start=\"1361\">\u00a0<\/p>\n","protected":false},"excerpt":{"rendered":"A atriz Marta Melro, de 39 anos, voltou a emocionar os seus seguidores com uma publica\u00e7\u00e3o poderosa e&hellip;\n","protected":false},"author":2,"featured_media":158372,"comment_status":"","ping_status":"","sticky":false,"template":"","format":"standard","meta":{"footnotes":""},"categories":[142],"tags":[14756,160,166,114,115,981,157,167,164,18577,161,158,165,159,32,33,156,163,151,162],"class_list":{"0":"post-158371","1":"post","2":"type-post","3":"status-publish","4":"format-standard","5":"has-post-thumbnail","7":"category-tv","8":"tag-ajuda","9":"tag-ana-guiomar","10":"tag-cristina-ferreira","11":"tag-entertainment","12":"tag-entretenimento","13":"tag-familia","14":"tag-festa-e-festa","15":"tag-ficcao","16":"tag-jose-fidalgo","17":"tag-marta-melro","18":"tag-novelas","19":"tag-para-sempre","20":"tag-pedro-sousa","21":"tag-pedro-teixeira","22":"tag-portugal","23":"tag-pt","24":"tag-queridos-papas","25":"tag-tiago-teotonio-pereira","26":"tag-tv","27":"tag-tvi"},"share_on_mastodon":{"url":"https:\/\/pubeurope.com\/@pt\/115579626910361310","error":""},"_links":{"self":[{"href":"https:\/\/www.europesays.com\/pt\/wp-json\/wp\/v2\/posts\/158371","targetHints":{"allow":["GET"]}}],"collection":[{"href":"https:\/\/www.europesays.com\/pt\/wp-json\/wp\/v2\/posts"}],"about":[{"href":"https:\/\/www.europesays.com\/pt\/wp-json\/wp\/v2\/types\/post"}],"author":[{"embeddable":true,"href":"https:\/\/www.europesays.com\/pt\/wp-json\/wp\/v2\/users\/2"}],"replies":[{"embeddable":true,"href":"https:\/\/www.europesays.com\/pt\/wp-json\/wp\/v2\/comments?post=158371"}],"version-history":[{"count":0,"href":"https:\/\/www.europesays.com\/pt\/wp-json\/wp\/v2\/posts\/158371\/revisions"}],"wp:featuredmedia":[{"embeddable":true,"href":"https:\/\/www.europesays.com\/pt\/wp-json\/wp\/v2\/media\/158372"}],"wp:attachment":[{"href":"https:\/\/www.europesays.com\/pt\/wp-json\/wp\/v2\/media?parent=158371"}],"wp:term":[{"taxonomy":"category","embeddable":true,"href":"https:\/\/www.europesays.com\/pt\/wp-json\/wp\/v2\/categories?post=158371"},{"taxonomy":"post_tag","embeddable":true,"href":"https:\/\/www.europesays.com\/pt\/wp-json\/wp\/v2\/tags?post=158371"}],"curies":[{"name":"wp","href":"https:\/\/api.w.org\/{rel}","templated":true}]}}