{"id":158373,"date":"2025-11-20T02:23:11","date_gmt":"2025-11-20T02:23:11","guid":{"rendered":"https:\/\/www.europesays.com\/pt\/158373\/"},"modified":"2025-11-20T02:23:11","modified_gmt":"2025-11-20T02:23:11","slug":"spotify-anuncia-recursos-que-ampliam-informacoes-nos-creditos-de-suas-cancoes","status":"publish","type":"post","link":"https:\/\/www.europesays.com\/pt\/158373\/","title":{"rendered":"Spotify anuncia recursos que ampliam informa\u00e7\u00f5es nos cr\u00e9ditos de suas can\u00e7\u00f5es"},"content":{"rendered":"<p>O Spotify anunciou novas ferramentas, que envolvem atualiza\u00e7\u00f5es nos cr\u00e9ditos de m\u00fasicas reproduzidas, al\u00e9m da introdu\u00e7\u00e3o do SongDNA e da se\u00e7\u00e3o Sobre a <a href=\"https:\/\/santaportal.com.br\/busca?s=M%C3%BAsica\" rel=\"nofollow noopener\" target=\"_blank\">M\u00fasica<\/a>.<\/p>\n<p>Se antes os cr\u00e9ditos das can\u00e7\u00f5es eram limitados a informa\u00e7\u00f5es sobre a sua performance, composi\u00e7\u00e3o e os principais artistas envolvidos, agora creditados todos os colaboradores das m\u00fasicas, desde engenheiros de som at\u00e9 mixadores. Inicialmente, os novos cr\u00e9ditos ser\u00e3o disponibilizados em dispositivos m\u00f3veis, mas nos pr\u00f3ximos meses chegar\u00e3o tamb\u00e9m aos computadores.<\/p>\n<p>A nova fun\u00e7\u00e3o \u00e9 apresentada pelo cantor <a href=\"https:\/\/www.instagram.com\/charlieputh?utm_source=ig_web_button_share_sheet&amp;igsh=ZDNlZDc0MzIxNw==\" rel=\"nofollow noopener\" target=\"_blank\">Charlie Puth<\/a> em um v\u00eddeo divulgado pela plataforma musical de streaming. \u201cAcho que esse novo recurso pode proporcionar uma conex\u00e3o nova e mais profunda entre a m\u00fasica e as pessoas que a ouvem\u201d, afirma o m\u00fasico na divulga\u00e7\u00e3o. \u201cH\u00e1 tantas pessoas que trabalham em m\u00fasicas e nunca recebem o cr\u00e9dito que merecem.\u201d<\/p>\n<p>O recurso in\u00e9dito SongDNA, por sua vez, \u00e9 descrito pelo Spotify como uma \u201cvisualiza\u00e7\u00e3o interativa que mapeia conex\u00f5es entre m\u00fasicas\u201d. A ferramenta mostrar\u00e1 colaboradores comuns a can\u00e7\u00f5es diferentes, al\u00e9m de apresentar samples e covers que conectam artistas distintos. As informa\u00e7\u00f5es para esse recurso ser\u00e3o fornecidas pelo site WhoSampled, cuja atua\u00e7\u00e3o \u00e9 semelhante a do novo artif\u00edcio.<\/p>\n<p>O Spotify tamb\u00e9m lan\u00e7ou o Sobre a M\u00fasica, recurso que utilizar\u00e1 conte\u00fados produzidos por terceiros para contextualizar quaisquer m\u00fasicas dispon\u00edveis na plataforma. \u201cCada m\u00fasica \u00e9 uma colabora\u00e7\u00e3o, e cada colaborador deve ser reconhecido\u201d, diz Jacqueline Ankner, diretora de parcerias com compositores e editoras do Spotify.<\/p>\n<p>\u201cCom os Cr\u00e9ditos expandidos, o SongDNA e a se\u00e7\u00e3o Sobre a M\u00fasica, estamos oferecendo aos f\u00e3s um olhar mais profundo sobre as pessoas e os processos criativos por tr\u00e1s da m\u00fasica que eles amam, al\u00e9m de dar aos criadores o reconhecimento que merecem. \u00c9 mais um passo no trabalho do Spotify para valorizar as pessoas, as conex\u00f5es e as hist\u00f3rias que d\u00e3o vida a cada faixa.\u201d<\/p>\n<p>Os recursos j\u00e1 est\u00e3o em teste em 100 pa\u00edses h\u00e1 algumas semanas.<a href=\"https:\/\/santaportal.com.br\/ultimas-noticias\/javascript:void(0);\" rel=\"nofollow noopener\" target=\"_blank\"><\/p>\n<p>    <script async src=\"\/\/www.instagram.com\/embed.js\"><\/script><\/p>\n","protected":false},"excerpt":{"rendered":"O Spotify anunciou novas ferramentas, que envolvem atualiza\u00e7\u00f5es nos cr\u00e9ditos de m\u00fasicas reproduzidas, al\u00e9m da introdu\u00e7\u00e3o do SongDNA&hellip;\n","protected":false},"author":2,"featured_media":158374,"comment_status":"","ping_status":"","sticky":false,"template":"","format":"standard","meta":{"footnotes":""},"categories":[84],"tags":[109,107,108,32,33,105,103,104,106,110],"class_list":{"0":"post-158373","1":"post","2":"type-post","3":"status-publish","4":"format-standard","5":"has-post-thumbnail","7":"category-ciencia-e-tecnologia","8":"tag-ciencia","9":"tag-ciencia-e-tecnologia","10":"tag-cienciaetecnologia","11":"tag-portugal","12":"tag-pt","13":"tag-science","14":"tag-science-and-technology","15":"tag-scienceandtechnology","16":"tag-technology","17":"tag-tecnologia"},"share_on_mastodon":{"url":"https:\/\/pubeurope.com\/@pt\/115579650294429325","error":""},"_links":{"self":[{"href":"https:\/\/www.europesays.com\/pt\/wp-json\/wp\/v2\/posts\/158373","targetHints":{"allow":["GET"]}}],"collection":[{"href":"https:\/\/www.europesays.com\/pt\/wp-json\/wp\/v2\/posts"}],"about":[{"href":"https:\/\/www.europesays.com\/pt\/wp-json\/wp\/v2\/types\/post"}],"author":[{"embeddable":true,"href":"https:\/\/www.europesays.com\/pt\/wp-json\/wp\/v2\/users\/2"}],"replies":[{"embeddable":true,"href":"https:\/\/www.europesays.com\/pt\/wp-json\/wp\/v2\/comments?post=158373"}],"version-history":[{"count":0,"href":"https:\/\/www.europesays.com\/pt\/wp-json\/wp\/v2\/posts\/158373\/revisions"}],"wp:featuredmedia":[{"embeddable":true,"href":"https:\/\/www.europesays.com\/pt\/wp-json\/wp\/v2\/media\/158374"}],"wp:attachment":[{"href":"https:\/\/www.europesays.com\/pt\/wp-json\/wp\/v2\/media?parent=158373"}],"wp:term":[{"taxonomy":"category","embeddable":true,"href":"https:\/\/www.europesays.com\/pt\/wp-json\/wp\/v2\/categories?post=158373"},{"taxonomy":"post_tag","embeddable":true,"href":"https:\/\/www.europesays.com\/pt\/wp-json\/wp\/v2\/tags?post=158373"}],"curies":[{"name":"wp","href":"https:\/\/api.w.org\/{rel}","templated":true}]}}