{"id":158381,"date":"2025-11-20T02:33:11","date_gmt":"2025-11-20T02:33:11","guid":{"rendered":"https:\/\/www.europesays.com\/pt\/158381\/"},"modified":"2025-11-20T02:33:11","modified_gmt":"2025-11-20T02:33:11","slug":"traicao-entre-amigas-ganha-nova-data-de-lancamento-confira","status":"publish","type":"post","link":"https:\/\/www.europesays.com\/pt\/158381\/","title":{"rendered":"Trai\u00e7\u00e3o Entre Amigas ganha nova data de lan\u00e7amento; confira"},"content":{"rendered":"<p>  <img decoding=\"async\" src=\"https:\/\/cdn.ome.lt\/static\/omelete\/img\/loading.svg\" alt=\"\"\/><\/p>\n<p>  <img decoding=\"async\" class=\"article__cover__image\" data-lazy-src-mob=\"\/\/cdn.ome.lt\/fF91cvT_sdo_ciwzU4eAml_wdCc=\/570x0\/smart\/filters:format(webp)\/uploads\/conteudo\/fotos\/2023_05_29---Traicao-Entre-Amigas-por-Orue-Brasileiro-9.jpg\" data-lazy-src=\"https:\/\/cdn.ome.lt\/k-5WJCD0MbvJ6AupC_Y8ImItKyw=\/987x0\/smart\/filters:format(webp)\/uploads\/conteudo\/fotos\/2023_05_29---Traicao-Entre-Amigas-por-Orue-Brasileiro-9.jpg\" src=\"data:image\/png;base64,iVBORw0KGgoAAAANSUhEUgAAAAEAAAABCAQAAAC1HAwCAAAAC0lEQVR42mNkYAAAAAYAAjCB0C8AAAAASUVORK5CYII=\" alt=\"Trai\u00e7\u00e3o Entre Amigas\" title=\"Trai\u00e7\u00e3o Entre Amigas\" width=\"987\" height=\"555\" fetchpriority=\"high\"\/><\/p>\n<p class=\"article__cover__credits\">\n  Cr\u00e9ditos da imagem:<br \/>\n  Divulga\u00e7\u00e3o\n<\/p>\n<p>Dirigido por <strong>Bruno Barreto<\/strong>, o filme <strong>Trai\u00e7\u00e3o Entre Amigas<\/strong>\u00a0ser\u00e1 lan\u00e7ado nos cinemas em 11 de dezembro. A produ\u00e7\u00e3o \u00e9 uma adapta\u00e7\u00e3o do primeiro livro de <strong>Thalita Rebou\u00e7as<\/strong>.<\/p>\n<p>A trama acompanha Pen\u00e9lope (<strong>Larissa Manoela<\/strong>) e Luiza (<strong>Giovanna Rispoli<\/strong>), duas melhores amigas que veem sua rela\u00e7\u00e3o ser abalada por um epis\u00f3dio de trai\u00e7\u00e3o, obrigando-as a seguir caminhos separados. Enquanto Pen\u00e9lope tenta a sorte como atriz em Nova York, Luiza mergulha no universo da m\u00fasica.<\/p>\n<p>            Continua depois da Publicidade<\/p>\n<p>Sobre a experi\u00eancia, Larissa Manoela comentou: \u201cEu sentia, desde a primeira leitura, que havia algo ali que n\u00e3o podia escapar. Era uma personagem que me chamava para um lugar novo, que me provocava a crescer como artista e como mulher\u201d. Ela acrescentou sobre sua personagem: \u201cA Pen\u00e9lope me atraiu pela coragem. Ela tem um \u00edmpeto de descobrir, de viver, de sentir, e faz isso com verdade e intensidade, mesmo quando n\u00e3o sabe exatamente para onde est\u00e1 indo\u201d.<\/p>\n<p>Giovanna Rispoli, que foi convidada para o papel ap\u00f3s uma leitura com a colega, detalhou seu processo: \u201cEu li o roteiro e fiquei ainda mais envolvida com o projeto. \u00c9 uma personagem muito boa. Eu me conectei muito com a Luiza. A gente n\u00e3o tem muita coisa a ver, mas tinha um neg\u00f3cio meio esquisito, meio intenso nela, que me interessava muito\u201d.<\/p>\n<p>O diretor Bruno Barreto elogiou suas protagonistas, definindo Larissa como \u201cuma atriz que desconstr\u00f3i o personagem, vira pelo avesso\u201d e Giovanna como \u201cuma das atrizes mais intuitivas\u201d que j\u00e1 conheceu.<\/p>\n<p>O filme ter\u00e1 distribui\u00e7\u00e3o da <strong>Imagem Filmes <\/strong>e contar\u00e1 com pr\u00e9-estreias pagas em todo o circuito de cinemas nos dias 6 e 7 de dezembro.<\/p>\n<p>            Continua depois da Publicidade<\/p>\n","protected":false},"excerpt":{"rendered":"Cr\u00e9ditos da imagem: Divulga\u00e7\u00e3o Dirigido por Bruno Barreto, o filme Trai\u00e7\u00e3o Entre Amigas\u00a0ser\u00e1 lan\u00e7ado nos cinemas em 11&hellip;\n","protected":false},"author":2,"featured_media":158382,"comment_status":"","ping_status":"","sticky":false,"template":"","format":"standard","meta":{"footnotes":""},"categories":[140],"tags":[114,115,147,148,146,32,33],"class_list":{"0":"post-158381","1":"post","2":"type-post","3":"status-publish","4":"format-standard","5":"has-post-thumbnail","7":"category-filmes","8":"tag-entertainment","9":"tag-entretenimento","10":"tag-film","11":"tag-filmes","12":"tag-movies","13":"tag-portugal","14":"tag-pt"},"share_on_mastodon":{"url":"https:\/\/pubeurope.com\/@pt\/115579689953272104","error":""},"_links":{"self":[{"href":"https:\/\/www.europesays.com\/pt\/wp-json\/wp\/v2\/posts\/158381","targetHints":{"allow":["GET"]}}],"collection":[{"href":"https:\/\/www.europesays.com\/pt\/wp-json\/wp\/v2\/posts"}],"about":[{"href":"https:\/\/www.europesays.com\/pt\/wp-json\/wp\/v2\/types\/post"}],"author":[{"embeddable":true,"href":"https:\/\/www.europesays.com\/pt\/wp-json\/wp\/v2\/users\/2"}],"replies":[{"embeddable":true,"href":"https:\/\/www.europesays.com\/pt\/wp-json\/wp\/v2\/comments?post=158381"}],"version-history":[{"count":0,"href":"https:\/\/www.europesays.com\/pt\/wp-json\/wp\/v2\/posts\/158381\/revisions"}],"wp:featuredmedia":[{"embeddable":true,"href":"https:\/\/www.europesays.com\/pt\/wp-json\/wp\/v2\/media\/158382"}],"wp:attachment":[{"href":"https:\/\/www.europesays.com\/pt\/wp-json\/wp\/v2\/media?parent=158381"}],"wp:term":[{"taxonomy":"category","embeddable":true,"href":"https:\/\/www.europesays.com\/pt\/wp-json\/wp\/v2\/categories?post=158381"},{"taxonomy":"post_tag","embeddable":true,"href":"https:\/\/www.europesays.com\/pt\/wp-json\/wp\/v2\/tags?post=158381"}],"curies":[{"name":"wp","href":"https:\/\/api.w.org\/{rel}","templated":true}]}}