{"id":158391,"date":"2025-11-20T02:46:12","date_gmt":"2025-11-20T02:46:12","guid":{"rendered":"https:\/\/www.europesays.com\/pt\/158391\/"},"modified":"2025-11-20T02:46:12","modified_gmt":"2025-11-20T02:46:12","slug":"renato-freitas-alega-legitima-defesa-e-diz-nao-temer-cassacao-apos-briga-em-curitiba-cbn-curitiba-a-radio-que-toca-noticia","status":"publish","type":"post","link":"https:\/\/www.europesays.com\/pt\/158391\/","title":{"rendered":"Renato Freitas alega leg\u00edtima defesa e diz n\u00e3o temer cassa\u00e7\u00e3o ap\u00f3s briga em Curitiba \u2013 CBN Curitiba \u2013 A R\u00e1dio Que Toca Not\u00edcia"},"content":{"rendered":"<p>Ap\u00f3s receber alta m\u00e9dica, o deputado estadual Renato Freitas (PT) alegou que agiu em leg\u00edtima defesa em uma briga em uma via p\u00fablica no Centro de Curitiba nesta quarta-feira (19).<\/p>\n<p>SAIBA MAIS<\/p>\n<p>Na vers\u00e3o do parlamentar, ele foi inicialmente agredido por um homem que passava nas proximidades da avenida Vicente Machado.<\/p>\n<p>O deputado tamb\u00e9m demonstrou arrependimento pela repercuss\u00e3o da briga e das agress\u00f5es, e disse n\u00e3o temer perder o mandato ap\u00f3s representa\u00e7\u00f5es contra ele j\u00e1 serem apresentadas na Assembleia Legislativa do Paran\u00e1.<\/p>\n<blockquote class=\"instagram-media\" style=\"background: #FFF; border: 0; border-radius: 3px; box-shadow: 0 0 1px 0 rgba(0,0,0,0.5),0 1px 10px 0 rgba(0,0,0,0.15); margin: 1px; max-width: 540px; min-width: 326px; padding: 0; width: calc(100% - 2px);\" data-instgrm-captioned=\"\" data-instgrm-permalink=\"https:\/\/www.instagram.com\/reel\/DRQCccIjT0A\/?utm_source=ig_embed&amp;utm_campaign=loading\" data-instgrm-version=\"14\">\n<\/blockquote>\n<p><script async src=\"\/\/www.instagram.com\/embed.js\"><\/script><\/p>\n","protected":false},"excerpt":{"rendered":"Ap\u00f3s receber alta m\u00e9dica, o deputado estadual Renato Freitas (PT) alegou que agiu em leg\u00edtima defesa em uma&hellip;\n","protected":false},"author":2,"featured_media":158392,"comment_status":"","ping_status":"","sticky":false,"template":"","format":"standard","meta":{"footnotes":""},"categories":[141],"tags":[114,115,149,150,32,33],"class_list":{"0":"post-158391","1":"post","2":"type-post","3":"status-publish","4":"format-standard","5":"has-post-thumbnail","7":"category-musica","8":"tag-entertainment","9":"tag-entretenimento","10":"tag-music","11":"tag-musica","12":"tag-portugal","13":"tag-pt"},"share_on_mastodon":{"url":"https:\/\/pubeurope.com\/@pt\/115579740725508709","error":""},"_links":{"self":[{"href":"https:\/\/www.europesays.com\/pt\/wp-json\/wp\/v2\/posts\/158391","targetHints":{"allow":["GET"]}}],"collection":[{"href":"https:\/\/www.europesays.com\/pt\/wp-json\/wp\/v2\/posts"}],"about":[{"href":"https:\/\/www.europesays.com\/pt\/wp-json\/wp\/v2\/types\/post"}],"author":[{"embeddable":true,"href":"https:\/\/www.europesays.com\/pt\/wp-json\/wp\/v2\/users\/2"}],"replies":[{"embeddable":true,"href":"https:\/\/www.europesays.com\/pt\/wp-json\/wp\/v2\/comments?post=158391"}],"version-history":[{"count":0,"href":"https:\/\/www.europesays.com\/pt\/wp-json\/wp\/v2\/posts\/158391\/revisions"}],"wp:featuredmedia":[{"embeddable":true,"href":"https:\/\/www.europesays.com\/pt\/wp-json\/wp\/v2\/media\/158392"}],"wp:attachment":[{"href":"https:\/\/www.europesays.com\/pt\/wp-json\/wp\/v2\/media?parent=158391"}],"wp:term":[{"taxonomy":"category","embeddable":true,"href":"https:\/\/www.europesays.com\/pt\/wp-json\/wp\/v2\/categories?post=158391"},{"taxonomy":"post_tag","embeddable":true,"href":"https:\/\/www.europesays.com\/pt\/wp-json\/wp\/v2\/tags?post=158391"}],"curies":[{"name":"wp","href":"https:\/\/api.w.org\/{rel}","templated":true}]}}