{"id":158393,"date":"2025-11-20T02:48:09","date_gmt":"2025-11-20T02:48:09","guid":{"rendered":"https:\/\/www.europesays.com\/pt\/158393\/"},"modified":"2025-11-20T02:48:09","modified_gmt":"2025-11-20T02:48:09","slug":"vaza-uniforme-decepcionante-de-tobey-maguire","status":"publish","type":"post","link":"https:\/\/www.europesays.com\/pt\/158393\/","title":{"rendered":"Vaza uniforme decepcionante de Tobey Maguire"},"content":{"rendered":"<p><a href=\"https:\/\/legadodamarvel.com.br\/filme\/vingadores-doomsday\" rel=\"nofollow noopener\" target=\"_blank\">Vingadores 5<\/a> ainda n\u00e3o teve a confirma\u00e7\u00e3o de <a href=\"https:\/\/legadodamarvel.com.br\/tag\/tobey-maguire\" rel=\"nofollow noopener\" target=\"_blank\">Tobey Maguire<\/a> no elenco. Por\u00e9m, diversos rumores e fontes garantem que o nosso Homem-Aranha original estar\u00e1 no filme!<\/p>\n<p>E agora temos um detalhe ainda mais espec\u00edfico: o visual do her\u00f3i em Doomsday!<\/p>\n<p>Afinal, o confi\u00e1vel insider <a href=\"https:\/\/x.com\/cosmic_marvel\/status\/1991264459147403658\" rel=\"nofollow\">Daniel RPK<\/a> trouxe uma not\u00edcia DECEPCIONANTE sobre o uniforme de Tobey no novo filme.<\/p>\n<p>Vingadores 5 ter\u00e1 Tobey Maguire, mas eis a parte ruim<img loading=\"lazy\" decoding=\"async\" width=\"1024\" height=\"512\" viewbox=\"0 0 1024 512\" src=\"https:\/\/www.europesays.com\/pt\/wp-content\/uploads\/2025\/11\/Por-Que-Escolher-Tobey-Maguire-Como-o-Homem-Aranha-da-Sony-Seria-Perfeito-legadodamarvel-1024x512.we.webp\" alt=\"\" class=\"lazyload wp-image-126730\"  data-\/><\/p>\n<p>De acordo com o insider, os f\u00e3s da trilogia cl\u00e1ssica ter\u00e3o um motivo para reclamar. Uma vez que ele garante que <strong>Tobey usou um traje de CGI durante as grava\u00e7\u00f5es de Doomsday<\/strong>.<\/p>\n<p>Portanto, ele n\u00e3o deve mais usar o seu uniforme cl\u00e1ssico e 100% real que n\u00f3s tanto amamos. Vale lembrar que trajes de CGI para o Homem-Aranha \u00e9 o que mais aconteceu nos \u00faltimos 10 anos de MCU.<\/p>\n<p>J\u00e1 que a maior parte dos trajes usados por <a href=\"https:\/\/legadodamarvel.com.br\/tag\/tom-holland\" rel=\"nofollow noopener\" target=\"_blank\">Tom Holland<\/a> acabaram sendo parcial ou totalmente retocados com efeitos digitais. Ser\u00e1 que isso significa que o Tobey ter\u00e1 uniformes com avan\u00e7os tecnol\u00f3gicos dessa vez?<\/p>\n<p>Ser\u00e1 que ele tamb\u00e9m ter\u00e1 uma m\u00e1scara com os visores em movimento? Vai ser dif\u00edcil se desapegar e se acostumar a ver o ator com um visual totalmente diferente.<\/p>\n<p>Mas considerando a vasta galeria de uniformes diferentes do Miranha, at\u00e9 que a ideia pode dar certo! Tudo depende, obviamente, da Marvel caprichar na qualidade do CGI.<\/p>\n<p>S\u00f3 que isso \u00e9 o que a gente deseja para todo o filme! De qualquer forma, vamos refor\u00e7ar que tudo isso n\u00e3o passa de um RUMOR. Embora o Daniel tenha uma grande margem de acertos, n\u00e3o podemos dar essa informa\u00e7\u00e3o como garantida.<\/p>\n<p>Mas vamos torcer para que o Tobey realmente esteja presente. Com ou sem CGI no seu uniforme!<\/p>\n<p><strong>LEIA TAMB\u00c9M:<\/strong><\/p>\n<p>Por fim, siga de olho aqui no <strong>Legado da Marvel<\/strong> para mais informa\u00e7\u00f5es e curiosidades.<\/p>\n","protected":false},"excerpt":{"rendered":"Vingadores 5 ainda n\u00e3o teve a confirma\u00e7\u00e3o de Tobey Maguire no elenco. Por\u00e9m, diversos rumores e fontes garantem&hellip;\n","protected":false},"author":2,"featured_media":158394,"comment_status":"","ping_status":"","sticky":false,"template":"","format":"standard","meta":{"footnotes":""},"categories":[140],"tags":[114,115,147,148,5814,146,32,33,12151,14176],"class_list":{"0":"post-158393","1":"post","2":"type-post","3":"status-publish","4":"format-standard","5":"has-post-thumbnail","7":"category-filmes","8":"tag-entertainment","9":"tag-entretenimento","10":"tag-film","11":"tag-filmes","12":"tag-homem-aranha","13":"tag-movies","14":"tag-portugal","15":"tag-pt","16":"tag-tobey-maguire","17":"tag-vingadores-doomsday"},"share_on_mastodon":{"url":"https:\/\/pubeurope.com\/@pt\/115579748858660831","error":""},"_links":{"self":[{"href":"https:\/\/www.europesays.com\/pt\/wp-json\/wp\/v2\/posts\/158393","targetHints":{"allow":["GET"]}}],"collection":[{"href":"https:\/\/www.europesays.com\/pt\/wp-json\/wp\/v2\/posts"}],"about":[{"href":"https:\/\/www.europesays.com\/pt\/wp-json\/wp\/v2\/types\/post"}],"author":[{"embeddable":true,"href":"https:\/\/www.europesays.com\/pt\/wp-json\/wp\/v2\/users\/2"}],"replies":[{"embeddable":true,"href":"https:\/\/www.europesays.com\/pt\/wp-json\/wp\/v2\/comments?post=158393"}],"version-history":[{"count":0,"href":"https:\/\/www.europesays.com\/pt\/wp-json\/wp\/v2\/posts\/158393\/revisions"}],"wp:featuredmedia":[{"embeddable":true,"href":"https:\/\/www.europesays.com\/pt\/wp-json\/wp\/v2\/media\/158394"}],"wp:attachment":[{"href":"https:\/\/www.europesays.com\/pt\/wp-json\/wp\/v2\/media?parent=158393"}],"wp:term":[{"taxonomy":"category","embeddable":true,"href":"https:\/\/www.europesays.com\/pt\/wp-json\/wp\/v2\/categories?post=158393"},{"taxonomy":"post_tag","embeddable":true,"href":"https:\/\/www.europesays.com\/pt\/wp-json\/wp\/v2\/tags?post=158393"}],"curies":[{"name":"wp","href":"https:\/\/api.w.org\/{rel}","templated":true}]}}