{"id":158413,"date":"2025-11-20T03:15:16","date_gmt":"2025-11-20T03:15:16","guid":{"rendered":"https:\/\/www.europesays.com\/pt\/158413\/"},"modified":"2025-11-20T03:15:16","modified_gmt":"2025-11-20T03:15:16","slug":"paula-fernandes-lanca-versao-em-portugues-de-sucesso-de-adele-celebridades","status":"publish","type":"post","link":"https:\/\/www.europesays.com\/pt\/158413\/","title":{"rendered":"Paula Fernandes lan\u00e7a vers\u00e3o em portugu\u00eas de sucesso de Adele | Celebridades"},"content":{"rendered":"<p>                                        Paula Fernandes anuncia lan\u00e7amento de vers\u00e3o de &#8216;Set Fire To The Rain&#8217;, aprovada por Adele &#8211; Flashbang Media House \/ Divulga\u00e7\u00e3o \/ Instagram<\/p>\n<p class=\"content-media__description\">Paula Fernandes anuncia lan\u00e7amento de vers\u00e3o de &#8216;Set Fire To The Rain&#8217;, aprovada por AdeleFlashbang Media House \/ Divulga\u00e7\u00e3o \/ Instagram<\/p>\n<p>                            Publicado 19\/11\/2025 14:37\n                    <\/p>\n<p>                    Rio &#8211;\u00a0Paula Fernandes, de 41 anos, anunciou o lan\u00e7amento de &#8220;Amar de Novo&#8221;, vers\u00e3o em portugu\u00eas de &#8220;Set Fire To The Rain&#8221;, de Adele, de 37. A faixa integra o EP &#8220;SIMPLESmente, EU&#8221;, previsto para o dia 27 de novembro. O trabalho apresenta cinco can\u00e7\u00f5es in\u00e9ditas e evidencia uma nova fase da cantora.<\/p>\n<p>&#8220;&#8216;Set Fire To The Rain&#8217; sempre me tocou de uma forma especial. \u00c9 uma m\u00fasica que fala sobre entrega e recome\u00e7o, temas que fazem parte do meu momento atual. Poder interpret\u00e1-la com a autoriza\u00e7\u00e3o da pr\u00f3pria Adele foi uma honra. Busquei trazer essa emo\u00e7\u00e3o para o meu universo, mantendo o respeito \u00e0 obra original e colocando nela a minha verdade&#8221;, afirmou Paula Fernandes.<\/p>\n<p>Adele concedeu a artista sertaneja a autoriza\u00e7\u00e3o para gravar a primeira vers\u00e3o brasileira de um de seus maiores sucessos. A releitura mant\u00e9m a for\u00e7a da composi\u00e7\u00e3o original, mas se diferencia pelos arranjos in\u00e9ditos e pela interpreta\u00e7\u00e3o da cantora.<\/p>\n<p>Ao longo da carreira, Paula Fernandes colaborou com nomes como Taylor Swift, Shania Twain, Alejandro Sanz, Juanes e Il Volo. Em 2019, lan\u00e7ou a vers\u00e3o em portugu\u00eas de um sucesso de Lady Gaga, &#8220;Shallow&#8221;, convidando Luan Santana para dividir os vocais. A can\u00e7\u00e3o original, tema do filme &#8220;Nasce uma Estrela&#8221;, conquistou o Oscar de Melhor Can\u00e7\u00e3o Original naquele mesmo ano.<\/p>\n","protected":false},"excerpt":{"rendered":"Paula Fernandes anuncia lan\u00e7amento de vers\u00e3o de &#8216;Set Fire To The Rain&#8217;, aprovada por Adele &#8211; Flashbang Media&hellip;\n","protected":false},"author":2,"featured_media":158414,"comment_status":"","ping_status":"","sticky":false,"template":"","format":"standard","meta":{"footnotes":""},"categories":[141],"tags":[17009,114,115,149,150,33848,32,33,33849],"class_list":{"0":"post-158413","1":"post","2":"type-post","3":"status-publish","4":"format-standard","5":"has-post-thumbnail","7":"category-musica","8":"tag-adele","9":"tag-entertainment","10":"tag-entretenimento","11":"tag-music","12":"tag-musica","13":"tag-paula-fernandes","14":"tag-portugal","15":"tag-pt","16":"tag-set-fire-to-the-rain"},"share_on_mastodon":{"url":"https:\/\/pubeurope.com\/@pt\/115579854725739910","error":""},"_links":{"self":[{"href":"https:\/\/www.europesays.com\/pt\/wp-json\/wp\/v2\/posts\/158413","targetHints":{"allow":["GET"]}}],"collection":[{"href":"https:\/\/www.europesays.com\/pt\/wp-json\/wp\/v2\/posts"}],"about":[{"href":"https:\/\/www.europesays.com\/pt\/wp-json\/wp\/v2\/types\/post"}],"author":[{"embeddable":true,"href":"https:\/\/www.europesays.com\/pt\/wp-json\/wp\/v2\/users\/2"}],"replies":[{"embeddable":true,"href":"https:\/\/www.europesays.com\/pt\/wp-json\/wp\/v2\/comments?post=158413"}],"version-history":[{"count":0,"href":"https:\/\/www.europesays.com\/pt\/wp-json\/wp\/v2\/posts\/158413\/revisions"}],"wp:featuredmedia":[{"embeddable":true,"href":"https:\/\/www.europesays.com\/pt\/wp-json\/wp\/v2\/media\/158414"}],"wp:attachment":[{"href":"https:\/\/www.europesays.com\/pt\/wp-json\/wp\/v2\/media?parent=158413"}],"wp:term":[{"taxonomy":"category","embeddable":true,"href":"https:\/\/www.europesays.com\/pt\/wp-json\/wp\/v2\/categories?post=158413"},{"taxonomy":"post_tag","embeddable":true,"href":"https:\/\/www.europesays.com\/pt\/wp-json\/wp\/v2\/tags?post=158413"}],"curies":[{"name":"wp","href":"https:\/\/api.w.org\/{rel}","templated":true}]}}