{"id":158415,"date":"2025-11-20T03:17:34","date_gmt":"2025-11-20T03:17:34","guid":{"rendered":"https:\/\/www.europesays.com\/pt\/158415\/"},"modified":"2025-11-20T03:17:34","modified_gmt":"2025-11-20T03:17:34","slug":"novo-filme-de-star-trek-em-producao","status":"publish","type":"post","link":"https:\/\/www.europesays.com\/pt\/158415\/","title":{"rendered":"Novo filme de \u2018Star Trek\u2019 em produ\u00e7\u00e3o"},"content":{"rendered":"<p><img decoding=\"async\" fetchpriority=\"high\" src=\"https:\/\/www.europesays.com\/pt\/wp-content\/uploads\/2025\/11\/4kgohnevj7h3tzanom1w63f6p.jpg\" width=\"906\" height=\"509\" alt=\"Star Trek\" title=\"Star Trek\"\/>Paramount<\/p>\n<p>Star Trek<\/p>\n<p>Jonathan Goldstein e John Francis Daley, a dupla por tr\u00e1s de Dungeons &amp; Dragons: Honra Entre Rebeldes (2023) e do roteiro de Homem-Aranha: De Volta ao Lar (2017), est\u00e3o se alistando na Frota Estelar.<\/p>\n<p>O duo foi contratado para escrever, produzir e dirigir um novo filme de <strong>Star Trek<\/strong>, que buscar\u00e1 revitalizar a franquia ap\u00f3s quase uma d\u00e9cada sem uma grande aventura dos exploradores do espa\u00e7o, nos cinemas.<\/p>\n<p>No entanto, como a Variety j\u00e1 havia noticiado anteriormente, o novo longa-metragem n\u00e3o ser\u00e1 uma continua\u00e7\u00e3o do reboot da s\u00e9rie encabe\u00e7ado por J.J. Abrams, assim tamb\u00e9m n\u00e3o contar\u00e1 com Chris Pine ou qualquer outro ator dos filmes anteriores (Pine estrelou o filme Dungeons &amp; Dragons, da dupla Goldstein e Daley).<\/p>\n<p class=\"\">Ali\u00e1s, embora os detalhes da trama estejam sendo mantidos em segredo, este projeto n\u00e3o tem liga\u00e7\u00e3o com nenhuma s\u00e9rie de televis\u00e3o, filme ou projeto cinematogr\u00e1fico anterior ou atual.<\/p>\n<p><img decoding=\"async\" fetchpriority=\"high\" src=\"https:\/\/www.europesays.com\/pt\/wp-content\/uploads\/2025\/11\/btop81qv7ycsvuy6wafid1eib.jpg\" width=\"906\" height=\"509\" alt=\"Star Trek\" title=\"Star Trek\"\/>Paramount<\/p>\n<p>Star Trek<\/p>\n<p class=\"\">Desde a estreia de Star Trek: Sem Fronteiras, em 2016, o caminho para a produ\u00e7\u00e3o de um novo filme da franquia tem sido mais complicado do que o previsto. Chris Hemsworth quase retornou como o pai (aparentemente falecido) do Capit\u00e3o Kirk, do <strong>Star Trek<\/strong>, de 2009. Quentin Tarantino quase dirigiu um filme da marca criada por Gene Roddenberry, que seria ambientado no mundo dos g\u00e2ngsteres da d\u00e9cada de 1930. Noah Hawley e Matt Shakman chegaram t\u00e3o perto de dirigir um filme de <strong>Star Trek<\/strong>, que os sets de filmagem estavam sendo constru\u00eddos, mas nenhum dos projetos se concretizou, e ambos os cineastas seguiram para outras franquias: Hawley com Alien: Earth, da FX, e Shakman com Quarteto Fant\u00e1stico: Primeiros Passos, da Marvel.<\/p>\n<p><img decoding=\"async\" fetchpriority=\"high\" src=\"https:\/\/www.europesays.com\/pt\/wp-content\/uploads\/2025\/11\/9l6u90un1e2jluz9pw7u6lvd0.jpg\" width=\"906\" height=\"509\" alt=\"Star Trek\" title=\"Star Trek\"\/>Paramount<\/p>\n<p>Star Trek<\/p>\n<p class=\"\">Um novo projeto de <strong>Star Trek<\/strong> tem sido uma prioridade para a Paramount, desde que a Skydance, de David Ellison, assumiu o controle da empresa, em agosto, uma vez que a s\u00e9rie \u00e9 uma das propriedades mais duradouras do cat\u00e1logo do est\u00fadio. Os diretores que lideram a nova reformula\u00e7\u00e3o j\u00e1 s\u00e3o conhecidos de Ellison e sua equipe, tendo escrito, dirigido e produzido recentemente, o filme Mayday \u2013 ainda sem tradu\u00e7\u00e3o brasileira \u2013, da Skydance, estrelado por Ryan Reynolds e Kenneth Branagh, produzido por eles, atrav\u00e9s de sua produtora GoldDay.<\/p>\n","protected":false},"excerpt":{"rendered":"Paramount Star Trek Jonathan Goldstein e John Francis Daley, a dupla por tr\u00e1s de Dungeons &amp; Dragons: Honra&hellip;\n","protected":false},"author":2,"featured_media":158416,"comment_status":"","ping_status":"","sticky":false,"template":"","format":"standard","meta":{"footnotes":""},"categories":[140],"tags":[114,115,147,148,33850,146,364,32,33,27640],"class_list":{"0":"post-158415","1":"post","2":"type-post","3":"status-publish","4":"format-standard","5":"has-post-thumbnail","7":"category-filmes","8":"tag-entertainment","9":"tag-entretenimento","10":"tag-film","11":"tag-filmes","12":"tag-jornada-nas-estrelas","13":"tag-movies","14":"tag-paramount","15":"tag-portugal","16":"tag-pt","17":"tag-star-trek"},"share_on_mastodon":{"url":"https:\/\/pubeurope.com\/@pt\/115579862840408627","error":""},"_links":{"self":[{"href":"https:\/\/www.europesays.com\/pt\/wp-json\/wp\/v2\/posts\/158415","targetHints":{"allow":["GET"]}}],"collection":[{"href":"https:\/\/www.europesays.com\/pt\/wp-json\/wp\/v2\/posts"}],"about":[{"href":"https:\/\/www.europesays.com\/pt\/wp-json\/wp\/v2\/types\/post"}],"author":[{"embeddable":true,"href":"https:\/\/www.europesays.com\/pt\/wp-json\/wp\/v2\/users\/2"}],"replies":[{"embeddable":true,"href":"https:\/\/www.europesays.com\/pt\/wp-json\/wp\/v2\/comments?post=158415"}],"version-history":[{"count":0,"href":"https:\/\/www.europesays.com\/pt\/wp-json\/wp\/v2\/posts\/158415\/revisions"}],"wp:featuredmedia":[{"embeddable":true,"href":"https:\/\/www.europesays.com\/pt\/wp-json\/wp\/v2\/media\/158416"}],"wp:attachment":[{"href":"https:\/\/www.europesays.com\/pt\/wp-json\/wp\/v2\/media?parent=158415"}],"wp:term":[{"taxonomy":"category","embeddable":true,"href":"https:\/\/www.europesays.com\/pt\/wp-json\/wp\/v2\/categories?post=158415"},{"taxonomy":"post_tag","embeddable":true,"href":"https:\/\/www.europesays.com\/pt\/wp-json\/wp\/v2\/tags?post=158415"}],"curies":[{"name":"wp","href":"https:\/\/api.w.org\/{rel}","templated":true}]}}