{"id":158422,"date":"2025-11-20T03:31:14","date_gmt":"2025-11-20T03:31:14","guid":{"rendered":"https:\/\/www.europesays.com\/pt\/158422\/"},"modified":"2025-11-20T03:31:14","modified_gmt":"2025-11-20T03:31:14","slug":"o-filho-de-mil-homens-ja-pode-ver-o-filme-baseado-no-livro-de-valter-hugo-mae-nit","status":"publish","type":"post","link":"https:\/\/www.europesays.com\/pt\/158422\/","title":{"rendered":"\u201cO Filho de Mil Homens\u201d. J\u00e1 pode ver o filme baseado no livro de Valter Hugo M\u00e3e \u2014 NiT"},"content":{"rendered":"<p>Durante mais de um ano, os portugueses aguardaram ansiosamente pelo novo filme da Netflix. \u201cO Filho de Mil Homens\u201d chegou finalmente \u00e0 plataforma de streaming esta quarta-feira, 19 de novembro. \u00c9 baseado no bestseller de Valter Hugo M\u00e3e e torna-se, assim, a primeira adapta\u00e7\u00e3o de um livro do escritor.<\/p>\n<p>Tal como na obra, publicada em 2011, a hist\u00f3ria acompanha Cris\u00f3stomo, um pescador solit\u00e1rio que sonha ser pai. Aos 40 anos, carrega o peso de nunca ter tido filhos. Num percurso de autodescoberta, conhece Camilo, um mi\u00fado \u00f3rf\u00e3o, que decide adotar.\u00a0<\/p>\n<p>Na obra, o ator brasileiro Rodrigo Santoro assume o papel principal. No elenco est\u00e3o tamb\u00e9m Rebeca Jamir, Johnny Massaro, Miguel Martines, Juliana Caldas, Grace Pass\u00f4, Inez Vianna, L\u00edvia Silva e Antonio Haddad.<\/p>\n<p>\u201cA obra acompanha Cris\u00f3stomo, pescador solit\u00e1rio que tem o sonho de ter um filho. A sua vida muda quando encontra Camilo (Miguel Martines), um menino \u00f3rf\u00e3o que decide acolher. Numa tentativa de fugir da sua pr\u00f3pria dor, Isaura cruza o caminho dos dois, e, em seguida, Antonino (Johnny Massaro), um jovem incompreendido, tamb\u00e9m se aproxima com eles. Juntos, os quatro aprendem o significado de fam\u00edlia e o prop\u00f3sito de compartilhar a vida\u201d, descreve a Netflix.<\/p>\n<p>A realiza\u00e7\u00e3o e o gui\u00e3o est\u00e3o a cargo do brasileiro Daniel Rezende, nomeado para um \u00d3scar pela edi\u00e7\u00e3o de \u201cCidade de Deus\u201d. As filmagens decorreram entre B\u00fazios, no litoral do Rio de Janeiro, e v\u00e1rias localidades do interior da Bahia, no Brasil.<\/p>\n<p>Carregue na galeria para conhecer outros filmes que estreiam em novembro nas plataformas de streaming.<\/p>\n","protected":false},"excerpt":{"rendered":"Durante mais de um ano, os portugueses aguardaram ansiosamente pelo novo filme da Netflix. \u201cO Filho de Mil&hellip;\n","protected":false},"author":2,"featured_media":158423,"comment_status":"","ping_status":"","sticky":false,"template":"","format":"standard","meta":{"footnotes":""},"categories":[140],"tags":[114,115,147,148,146,32,33],"class_list":{"0":"post-158422","1":"post","2":"type-post","3":"status-publish","4":"format-standard","5":"has-post-thumbnail","7":"category-filmes","8":"tag-entertainment","9":"tag-entretenimento","10":"tag-film","11":"tag-filmes","12":"tag-movies","13":"tag-portugal","14":"tag-pt"},"share_on_mastodon":{"url":"https:\/\/pubeurope.com\/@pt\/115579917661999263","error":""},"_links":{"self":[{"href":"https:\/\/www.europesays.com\/pt\/wp-json\/wp\/v2\/posts\/158422","targetHints":{"allow":["GET"]}}],"collection":[{"href":"https:\/\/www.europesays.com\/pt\/wp-json\/wp\/v2\/posts"}],"about":[{"href":"https:\/\/www.europesays.com\/pt\/wp-json\/wp\/v2\/types\/post"}],"author":[{"embeddable":true,"href":"https:\/\/www.europesays.com\/pt\/wp-json\/wp\/v2\/users\/2"}],"replies":[{"embeddable":true,"href":"https:\/\/www.europesays.com\/pt\/wp-json\/wp\/v2\/comments?post=158422"}],"version-history":[{"count":0,"href":"https:\/\/www.europesays.com\/pt\/wp-json\/wp\/v2\/posts\/158422\/revisions"}],"wp:featuredmedia":[{"embeddable":true,"href":"https:\/\/www.europesays.com\/pt\/wp-json\/wp\/v2\/media\/158423"}],"wp:attachment":[{"href":"https:\/\/www.europesays.com\/pt\/wp-json\/wp\/v2\/media?parent=158422"}],"wp:term":[{"taxonomy":"category","embeddable":true,"href":"https:\/\/www.europesays.com\/pt\/wp-json\/wp\/v2\/categories?post=158422"},{"taxonomy":"post_tag","embeddable":true,"href":"https:\/\/www.europesays.com\/pt\/wp-json\/wp\/v2\/tags?post=158422"}],"curies":[{"name":"wp","href":"https:\/\/api.w.org\/{rel}","templated":true}]}}