{"id":158424,"date":"2025-11-20T03:40:13","date_gmt":"2025-11-20T03:40:13","guid":{"rendered":"https:\/\/www.europesays.com\/pt\/158424\/"},"modified":"2025-11-20T03:40:13","modified_gmt":"2025-11-20T03:40:13","slug":"fernanda-serrano-tvi-interrompe-lhe-as-ferias-e-este-e-o-motivo","status":"publish","type":"post","link":"https:\/\/www.europesays.com\/pt\/158424\/","title":{"rendered":"Fernanda Serrano &#8211; TVI &#8216;interrompe-lhe&#8217; as f\u00e9rias e este \u00e9 o motivo"},"content":{"rendered":"<p>O &#8216;bem bom&#8217; est\u00e1 a chegar ao fim para\u00a0<a href=\"https:\/\/www.novagente.pt\/fernanda-serrano-assume-ter-feito-rejuvenescimento-vaginal-cristina-arrasa-criticos-da-atriz\" target=\"_blank\" rel=\"nofollow noopener\"><strong>Fernanda Serrano<\/strong><\/a>. A atriz, que tem j\u00e1 por v\u00e1rias vezes rumou at\u00e9 ao Brasil para visitar o filho \u2013 j\u00e1 tem data definida para retomar o trabalho. A atriz, que recentemente participou em A Protegida, est\u00e1 livre desde o fim das grava\u00e7\u00f5es, ou seja desde julho.<\/p>\n<p>A <strong>TVI <\/strong>convidou-a para integrar o elenco da nova produ\u00e7\u00e3o de Queluz de Baixo, uma novela que come\u00e7ar\u00e1 a ser <strong>gravada em janeiro<\/strong>. O novo projeto contar\u00e1 com <strong>100 epis\u00f3dios<\/strong> e ser\u00e1 uma adapta\u00e7\u00e3o de uma hist\u00f3ria sul-americana que conquistou audi\u00eancias no estrangeiro.<\/p>\n<p>&#8220;Teve muito sucesso no estrangeiro&#8221;<\/p>\n<p>A vers\u00e3o portuguesa ficar\u00e1 a cargo de <strong>Maria Jo\u00e3o Mira<\/strong>, autora de sucessos como\u00a0A Herdeira, A \u00danica Mulher, O Teu Olhar e A Fazenda.<\/p>\n<p><a href=\"https:\/\/www.novagente.pt\/jose-eduardo-moniz-revela-os-planos-futuros-da-tvi-temos\" target=\"_blank\" rel=\"nofollow noopener\"><strong>Jos\u00e9 Eduardo Moniz<\/strong><\/a> confirmou que a nova fic\u00e7\u00e3o da TVI arranca j\u00e1 em janeiro. &#8220;\u00c9\u00a0verdade, iniciamos grava\u00e7\u00f5es no in\u00edcio do ano. \u00c9 um formato que teve muito sucesso no estrangeiro e mais n\u00e3o vou dizer.\u201d<\/p>\n<p>A novela ser\u00e1 <strong>gravada num per\u00edodo de tr\u00eas meses<\/strong>, alinhando-se com a aposta da TVI em hist\u00f3rias mais compactas, diretas e envolventes. O diretor geral da TVI voltou a sublinhar a import\u00e2ncia de valorizar os profissionais j\u00e1 ligados ao canal. &#8220;\u00c9 evidente que daremos prioridade aos atores da esta\u00e7\u00e3o&#8221;.<\/p>\n<p>Texto: Tom\u00e1s Casc\u00e3o; Fotos: Redes sociais<\/p>\n<p class=\"intagram-text\">Siga a Nova Gente no Instagram<\/p>\n<p>                        <a href=\"https:\/\/www.instagram.com\/revistanovagente\/\" target=\"_blank\" aria-label=\"instagram\" rel=\"noopener nofollow\"><img decoding=\"async\" style=\"display: block; margin-left: auto; margin-right: auto; width: 250px; height: 83px;\" src=\"https:\/\/www.europesays.com\/pt\/wp-content\/uploads\/2025\/11\/Instagram_NG.png\" alt=\"instagram\"\/><\/a><br \/>\n                    <script async src=\"\/\/www.instagram.com\/embed.js\"><\/script><\/p>\n","protected":false},"excerpt":{"rendered":"O &#8216;bem bom&#8217; est\u00e1 a chegar ao fim para\u00a0Fernanda Serrano. A atriz, que tem j\u00e1 por v\u00e1rias vezes&hellip;\n","protected":false},"author":2,"featured_media":158425,"comment_status":"","ping_status":"","sticky":false,"template":"","format":"standard","meta":{"footnotes":""},"categories":[145],"tags":[211,210,114,115,1408,32,33,162],"class_list":{"0":"post-158424","1":"post","2":"type-post","3":"status-publish","4":"format-standard","5":"has-post-thumbnail","7":"category-celebridades","8":"tag-celebridades","9":"tag-celebrities","10":"tag-entertainment","11":"tag-entretenimento","12":"tag-fernanda-serrano","13":"tag-portugal","14":"tag-pt","15":"tag-tvi"},"share_on_mastodon":{"url":"https:\/\/pubeurope.com\/@pt\/115579953247923416","error":""},"_links":{"self":[{"href":"https:\/\/www.europesays.com\/pt\/wp-json\/wp\/v2\/posts\/158424","targetHints":{"allow":["GET"]}}],"collection":[{"href":"https:\/\/www.europesays.com\/pt\/wp-json\/wp\/v2\/posts"}],"about":[{"href":"https:\/\/www.europesays.com\/pt\/wp-json\/wp\/v2\/types\/post"}],"author":[{"embeddable":true,"href":"https:\/\/www.europesays.com\/pt\/wp-json\/wp\/v2\/users\/2"}],"replies":[{"embeddable":true,"href":"https:\/\/www.europesays.com\/pt\/wp-json\/wp\/v2\/comments?post=158424"}],"version-history":[{"count":0,"href":"https:\/\/www.europesays.com\/pt\/wp-json\/wp\/v2\/posts\/158424\/revisions"}],"wp:featuredmedia":[{"embeddable":true,"href":"https:\/\/www.europesays.com\/pt\/wp-json\/wp\/v2\/media\/158425"}],"wp:attachment":[{"href":"https:\/\/www.europesays.com\/pt\/wp-json\/wp\/v2\/media?parent=158424"}],"wp:term":[{"taxonomy":"category","embeddable":true,"href":"https:\/\/www.europesays.com\/pt\/wp-json\/wp\/v2\/categories?post=158424"},{"taxonomy":"post_tag","embeddable":true,"href":"https:\/\/www.europesays.com\/pt\/wp-json\/wp\/v2\/tags?post=158424"}],"curies":[{"name":"wp","href":"https:\/\/api.w.org\/{rel}","templated":true}]}}