{"id":158426,"date":"2025-11-20T03:43:16","date_gmt":"2025-11-20T03:43:16","guid":{"rendered":"https:\/\/www.europesays.com\/pt\/158426\/"},"modified":"2025-11-20T03:43:16","modified_gmt":"2025-11-20T03:43:16","slug":"comentador-acusa-concorrente-de-condicionar-pedro-jorge-em-tudo","status":"publish","type":"post","link":"https:\/\/www.europesays.com\/pt\/158426\/","title":{"rendered":"comentador acusa concorrente de \u201ccondicionar\u201d Pedro Jorge em tudo"},"content":{"rendered":"<p>No <a href=\"https:\/\/tvi.iol.pt\/secretstory\" rel=\"nofollow noopener\" target=\"_blank\">Secret Story<\/a>, Marisa volta a ser criticada: comentador acusa concorrente de \u201ccondicionar\u201d Pedro Jorge em tudo no jogo.<\/p>\n<p>Adriano Silva Martins arrasa comportamento de Marisa<\/p>\n<p>O Di\u00e1rio desta ter\u00e7a-feira, 18 de novembro, voltou a centrar-se na tens\u00e3o crescente entre Marisa e Pedro Jorge dentro da Casa dos Segredos 9. Depois de v\u00e1rias imagens onde a concorrente surge a criticar e pressionar o companheiro, o painel de comentadores avaliou o impacto desta postura no jogo e na rela\u00e7\u00e3o do casal.<\/p>\n<p>Desde logo, Nuno Eir\u00f3 sublinhou o peso destas atitudes, lembrando que o casal est\u00e1 junto h\u00e1 sete anos: <strong>\u201cEstamos a falar de um casal que est\u00e1 junto h\u00e1 sete anos, obviamente que est\u00e3o expostos aqui a condi\u00e7\u00f5es que n\u00e3o tinham na sua vida normal, regular, em casa, no seu quotidiano, mas, mesmo assim, isto diz muito sobre eles.\u201d<\/strong><\/p>\n<p>\u201cA pior semana de Marisa desde sempre\u201d<\/p>\n<p>A an\u00e1lise mais dura chegou pela voz de Adriano Silva Martins, que n\u00e3o poupou cr\u00edticas ao comportamento da concorrente. O comentador deixou claro que, na sua perspetiva, os conflitos n\u00e3o s\u00e3o jogo, mas sim reflexo da rela\u00e7\u00e3o:<\/p>\n<p><strong>\u201cHonestamente, acho que aqui n\u00e3o h\u00e1 jogo absolutamente nenhum. Acho que isto \u00e9 puramente a rela\u00e7\u00e3o deles, ou pelo menos a rela\u00e7\u00e3o da Marisa com o Pedro Jorge. Acho que a Marisa est\u00e1 a assinar a sua pior semana, desde aquela semana fat\u00eddica em que disse as piores coisas sobre o Pedro Jorge. E ainda vamos em ter\u00e7a-feira, vamos ver como \u00e9 que acaba esta semana.\u201d<\/strong><\/p>\n<p>Ci\u00fames e tentativas de controlo em destaque<\/p>\n<p>A escolha de Liliana para sub-l\u00edder foi o mais recente detonador de discuss\u00f5es entre o casal. E, segundo Adriano Silva Martins, este epis\u00f3dio demonstra um padr\u00e3o que j\u00e1 se tornou evidente:<\/p>\n<p><strong>\u201cA Marisa est\u00e1 a tentar condicionar o Pedro Jorge em tudo, est\u00e1 em cima do Pedro Jorge em tudo. A \u00fanica coisa em que n\u00e3o conseguiu condicion\u00e1-lo foi na escolha do sub-l\u00edder, neste caso a Liliana. Ela j\u00e1 lhe caiu em cima e tudo isto \u00e9 provocado pelos ci\u00fames que tem da Liliana.\u201d<\/strong><\/p>\n<p>O comentador refor\u00e7ou ainda que, se a escolha tivesse reca\u00eddo sobre outro colega, nada disto teria acontecido: <strong>\u201cSe ele tivesse escolhido o Leandro para sub-l\u00edder, nada disto teria acontecido, mas sendo a Liliana, ou se fosse a Marisa Susana, teria havido sarilho.\u201d<\/strong><\/p>\n<p>\u201cMarisa n\u00e3o separa o jogo da rela\u00e7\u00e3o\u201d<\/p>\n<p>Para Adriano Silva Martins, o problema est\u00e1 na incapacidade de Marisa distinguir a vida pessoal da estrat\u00e9gia dentro da competi\u00e7\u00e3o:<\/p>\n<p><strong>\u201cH\u00e1 sarilho porque a Marisa n\u00e3o \u00e9 capaz de separar aquilo que \u00e9 a sua rela\u00e7\u00e3o pessoal como mulher do Pedro Jorge do posicionamento do Pedro Jorge dentro do jogo.\u201d<\/strong><\/p>\n<p>E terminou com um elogio ao concorrente: <strong>\u201cAcho que o Pedro Jorge est\u00e1 diferente. Desde h\u00e1 umas semanas, desde aquele incidente t\u00e3o desagrad\u00e1vel entre os dois, o Pedro Jorge retificou bastante o comportamento que tinha em rela\u00e7\u00e3o \u00e0 mulher e acho que ela n\u00e3o tem muito por onde lhe apontar.\u201d<\/strong><\/p>\n<p><a href=\"https:\/\/news.google.com\/publications\/CAAqBwgKMKfIoAswtNK4Aw\" target=\"_blank\" rel=\"noopener noreferrer nofollow\"><img loading=\"lazy\" data-lazyloaded=\"1\" width=\"481\" height=\"161\" decoding=\"async\" src=\"\/wp-content\/uploads\/2024\/02\/GN_siganos.png\" alt=\"Siga-nos no Google News\" style=\"margin-top:20px;\"\/><\/a><\/p>\n","protected":false},"excerpt":{"rendered":"No Secret Story, Marisa volta a ser criticada: comentador acusa concorrente de \u201ccondicionar\u201d Pedro Jorge em tudo no&hellip;\n","protected":false},"author":2,"featured_media":133965,"comment_status":"","ping_status":"","sticky":false,"template":"","format":"standard","meta":{"footnotes":""},"categories":[142],"tags":[8559,2632,114,115,21766,32,33,151],"class_list":{"0":"post-158426","1":"post","2":"type-post","3":"status-publish","4":"format-standard","5":"has-post-thumbnail","7":"category-tv","8":"tag-adriano-silva-martins","9":"tag-casa-dos-segredos","10":"tag-entertainment","11":"tag-entretenimento","12":"tag-marisa-pires","13":"tag-portugal","14":"tag-pt","15":"tag-tv"},"share_on_mastodon":{"url":"https:\/\/pubeurope.com\/@pt\/115579965673316078","error":""},"_links":{"self":[{"href":"https:\/\/www.europesays.com\/pt\/wp-json\/wp\/v2\/posts\/158426","targetHints":{"allow":["GET"]}}],"collection":[{"href":"https:\/\/www.europesays.com\/pt\/wp-json\/wp\/v2\/posts"}],"about":[{"href":"https:\/\/www.europesays.com\/pt\/wp-json\/wp\/v2\/types\/post"}],"author":[{"embeddable":true,"href":"https:\/\/www.europesays.com\/pt\/wp-json\/wp\/v2\/users\/2"}],"replies":[{"embeddable":true,"href":"https:\/\/www.europesays.com\/pt\/wp-json\/wp\/v2\/comments?post=158426"}],"version-history":[{"count":0,"href":"https:\/\/www.europesays.com\/pt\/wp-json\/wp\/v2\/posts\/158426\/revisions"}],"wp:featuredmedia":[{"embeddable":true,"href":"https:\/\/www.europesays.com\/pt\/wp-json\/wp\/v2\/media\/133965"}],"wp:attachment":[{"href":"https:\/\/www.europesays.com\/pt\/wp-json\/wp\/v2\/media?parent=158426"}],"wp:term":[{"taxonomy":"category","embeddable":true,"href":"https:\/\/www.europesays.com\/pt\/wp-json\/wp\/v2\/categories?post=158426"},{"taxonomy":"post_tag","embeddable":true,"href":"https:\/\/www.europesays.com\/pt\/wp-json\/wp\/v2\/tags?post=158426"}],"curies":[{"name":"wp","href":"https:\/\/api.w.org\/{rel}","templated":true}]}}