{"id":158427,"date":"2025-11-20T03:44:12","date_gmt":"2025-11-20T03:44:12","guid":{"rendered":"https:\/\/www.europesays.com\/pt\/158427\/"},"modified":"2025-11-20T03:44:12","modified_gmt":"2025-11-20T03:44:12","slug":"dua-lipa-brilha-em-ensaio-da-vila-isabel-ao-lado-de-sabrina-sato","status":"publish","type":"post","link":"https:\/\/www.europesays.com\/pt\/158427\/","title":{"rendered":"Dua Lipa brilha em ensaio da Vila Isabel ao lado de Sabrina Sato"},"content":{"rendered":"<p>\n                        Cantora tem show marcado no Rio no pr\u00f3ximo s\u00e1bado, 22\n                    <\/p>\n<ul class=\"article__header__author\">\n<li class=\"article__header__author__item\">\n                                                                                    <img loading=\"lazy\" decoding=\"async\" src=\"https:\/\/www.europesays.com\/pt\/wp-content\/uploads\/2025\/11\/microsoftteams-image-(23)-1jy7orqt0u4hi.png\" width=\"32\" height=\"32\" title=\"Reda\u00e7\u00e3o Terra\" alt=\"Reda\u00e7\u00e3o Terra\" class=\"author-picture\"\/><br \/>\n                                                                            Por:<br \/>\n                                                                                    Reda\u00e7\u00e3o Terra\n                                                                        <\/li>\n<\/ul>\n<p>\n                                                                                                                                                                                                                            19 nov<br \/>\n                                    2025<br \/>\n                                     &#8211; 22h28\n                                <\/p>\n<p>\n                                                                                                            (atualizado \u00e0s 23h22)\n                                                                    <\/p>\n<p>\n                        <b style=\"margin-bottom: 8px; display: inline-block;\">Resumo<\/b><br \/>Dua Lipa participou do ensaio da Unidos de Vila Isabel ao lado de Sabrina Sato no Rio de Janeiro, aproveitando a cidade antes de seu pr\u00f3ximo show no s\u00e1bado.\n                    <\/p>\n<p>Dua Lipa acompanha Sabrina Sato em ensaio da Vila Isabel no Rio:<\/p>\n<p><img alt=\"\" decoding=\"async\" height=\"364\" loading=\"lazy\" src=\"https:\/\/www.europesays.com\/pt\/wp-content\/uploads\/2025\/11\/dua-lipa-sem-txt-1k1tzt5dy6y46.jpg\" width=\"648\"\/><\/p>\n<p class=\"text\">Dua Lipa segue a todo vapor com sua agenda de rol\u00eas aleat\u00f3rios durante a passagem pelo Brasil. Na noite desta quarta-feira, 19, a cantora brit\u00e2nica esteve ao lado da rainha de bateria <a href=\"https:\/\/www.terra.com.br\/tudo-sobre\/sabrina-sato\" target=\"_self\" rel=\"nofollow noopener\">Sabrina Sato<\/a> no ensaio da Unidos de Vila Isabel, no Rio de Janeiro.\u00a0<\/p>\n<blockquote>\n<\/blockquote>\n<p class=\"text\">Na quadra da agremia\u00e7\u00e3o, a artista aproveitou para dan\u00e7ar e tirar fotos da rainha de bateria. A escola vai desfilar em 2026 com o enredo \u2018Macumbemb\u00ea, Samboremb\u00e1: Sonhei Que um Sambista Sonhou a \u00c1frica\u2019.<\/p>\n<ul class=\"t360-gallery__container__main--carousel--slider\" data-count=\"1\">\n<li class=\"t360-gallery__container__main--carousel--slider--item\" data-id=\"584a19b74412a22f9034de3bd3005547ar8112z1\">\n<p>\n                            Dua Lipa acompanha Sabrina Sato em ensaio da Unidos de Vila Isabel\n                        <\/p>\n<p>Foto: Anderson Bord\u00ea\/AG News<\/p>\n<\/li>\n<li class=\"t360-gallery__container__main--carousel--slider--item\" data-id=\"935409be1e4e8fe64667e4c74a1fa407fb91o688\">\n<p>\n                            Dua Lipa acompanha Sabrina Sato em ensaio da Unidos de Vila Isabel\n                        <\/p>\n<p>Foto: Anderson Bord\u00ea\/AG News<\/p>\n<\/li>\n<li class=\"t360-gallery__container__main--carousel--slider--item\" data-id=\"569f25c9507b39b8f9eb9dd8a72de2d3xtvvnud1\">\n<p>\n                            Dua Lipa acompanha Sabrina Sato em ensaio da Unidos de Vila Isabel\n                        <\/p>\n<p>Foto: Anderson Bord\u00ea\/AG News<\/p>\n<\/li>\n<li class=\"t360-gallery__container__main--carousel--slider--item\" data-id=\"9472113ce77b4f4dd9b1b84897e38603dpy9eycm\">\n<p>\n                            Dua Lipa acompanha Sabrina Sato em ensaio da Unidos de Vila Isabel\n                        <\/p>\n<p>Foto: Anderson Bord\u00ea\/AG News<\/p>\n<\/li>\n<li class=\"t360-gallery__container__main--carousel--slider--item\" data-id=\"f8d6ca5a13c31e7b3c9557572e0bb35a5b6tusma\">\n<p>\n                            Dua Lipa acompanha Sabrina Sato em ensaio da Unidos de Vila Isabel\n                        <\/p>\n<p>Foto: Anderson Bord\u00ea\/AG News<\/p>\n<\/li>\n<li class=\"t360-gallery__container__main--carousel--slider--item t360-gallery__container__main--carousel--slider--ad\">\n<\/li>\n<li class=\"t360-gallery__container__main--carousel--slider--item\" data-id=\"1b8875d8677f33a050af008194ada21fa19q7kud\">\n<p>\n                            Dua Lipa acompanha Sabrina Sato em ensaio da Unidos de Vila Isabel\n                        <\/p>\n<p>Foto: Anderson Bord\u00ea\/AG News<\/p>\n<\/li>\n<li class=\"t360-gallery__container__main--carousel--slider--item\" data-id=\"f6e799875408470d925650891b2ed131p3dbdnpf\">\n<p>\n                            Dua Lipa acompanha Sabrina Sato em ensaio da Unidos de Vila Isabel\n                        <\/p>\n<p>Foto: Anderson Bord\u00ea\/AG News<\/p>\n<\/li>\n<li class=\"t360-gallery__container__main--carousel--slider--item\" data-id=\"e2cb4cfac972c3aec2ffef39717d496a8q3dl6qg\">\n<p>\n                            Dua Lipa acompanha Sabrina Sato em ensaio da Unidos de Vila Isabel\n                        <\/p>\n<p>Foto: Anderson Bord\u00ea\/AG News<\/p>\n<\/li>\n<li class=\"t360-gallery__container__main--carousel--slider--item\" data-id=\"ecc4f552d9e0f39fe3c5972d67250887konw1ouc\">\n<p>\n                            Dua Lipa acompanha Sabrina Sato em ensaio da Unidos de Vila Isabel\n                        <\/p>\n<p>Foto: Anderson Bord\u00ea\/AG News<\/p>\n<\/li>\n<li class=\"t360-gallery__container__main--carousel--slider--item\" data-id=\"f472141db2022a1da1ddca1e38d190f5q6q956fy\">\n<p>\n                            Dua Lipa acompanha Sabrina Sato em ensaio da Unidos de Vila Isabel\n                        <\/p>\n<p>Foto: Anderson Bord\u00ea\/AG News<\/p>\n<\/li>\n<\/ul>\n<p class=\"text\">Ap\u00f3s o ensaio, Dua Lipa foi ao Maracan\u00e3 para assistir ao cl\u00e1ssico entre <a href=\"https:\/\/www.terra.com.br\/esportes\/futebol\/brasileiro-serie-a\/ao-vivo\/fluminense-x-flamengo\/92361\/\" target=\"_self\" rel=\"nofollow noopener\">Fluminense e Flamengo<\/a>. No Rio de Janeiro, ela tamb\u00e9m aproveitou para pegar sol, caminhar pela orla e foi a um tradicional restaurante da cidade.\u00a0<\/p>\n<p class=\"text\">A cantora aproveita a cidade enquanto se prepara para seu show no pr\u00f3ximo s\u00e1bado, 22, na \u00e1rea externa da Farmasi Arena. Na semana passada, ela se apresentou no Morumbis, em S\u00e3o Paulo.<\/p>\n<p><img loading=\"lazy\" decoding=\"async\" alt=\"Dua Lipa acompanha Sabrina Sato em ensaio da Unidos de Vila Isabel\" class=\"img-f6e799875408470d925650891b2ed131p3dbdnpf\" height=\"516\" src=\"https:\/\/www.europesays.com\/pt\/wp-content\/uploads\/2025\/11\/a-sabrina-sato-e-dua-lipa-fotos-anderson-borde-agnews-762-(1)-1jy28c81vyiph.jpg\"  title=\"Dua Lipa acompanha Sabrina Sato em ensaio da Unidos de Vila Isabel\" width=\"774\"\/><\/p>\n<p>Dua Lipa acompanha Sabrina Sato em ensaio da Unidos de Vila Isabel<\/p>\n<p>Foto: Anderson Bord\u00ea\/AG News<\/p>\n","protected":false},"excerpt":{"rendered":"Cantora tem show marcado no Rio no pr\u00f3ximo s\u00e1bado, 22 Por: Reda\u00e7\u00e3o Terra 19 nov 2025 &#8211; 22h28&hellip;\n","protected":false},"author":2,"featured_media":158428,"comment_status":"","ping_status":"","sticky":false,"template":"","format":"standard","meta":{"footnotes":""},"categories":[141],"tags":[114,115,149,150,32,33],"class_list":{"0":"post-158427","1":"post","2":"type-post","3":"status-publish","4":"format-standard","5":"has-post-thumbnail","7":"category-musica","8":"tag-entertainment","9":"tag-entretenimento","10":"tag-music","11":"tag-musica","12":"tag-portugal","13":"tag-pt"},"share_on_mastodon":{"url":"https:\/\/pubeurope.com\/@pt\/115579969076734716","error":""},"_links":{"self":[{"href":"https:\/\/www.europesays.com\/pt\/wp-json\/wp\/v2\/posts\/158427","targetHints":{"allow":["GET"]}}],"collection":[{"href":"https:\/\/www.europesays.com\/pt\/wp-json\/wp\/v2\/posts"}],"about":[{"href":"https:\/\/www.europesays.com\/pt\/wp-json\/wp\/v2\/types\/post"}],"author":[{"embeddable":true,"href":"https:\/\/www.europesays.com\/pt\/wp-json\/wp\/v2\/users\/2"}],"replies":[{"embeddable":true,"href":"https:\/\/www.europesays.com\/pt\/wp-json\/wp\/v2\/comments?post=158427"}],"version-history":[{"count":0,"href":"https:\/\/www.europesays.com\/pt\/wp-json\/wp\/v2\/posts\/158427\/revisions"}],"wp:featuredmedia":[{"embeddable":true,"href":"https:\/\/www.europesays.com\/pt\/wp-json\/wp\/v2\/media\/158428"}],"wp:attachment":[{"href":"https:\/\/www.europesays.com\/pt\/wp-json\/wp\/v2\/media?parent=158427"}],"wp:term":[{"taxonomy":"category","embeddable":true,"href":"https:\/\/www.europesays.com\/pt\/wp-json\/wp\/v2\/categories?post=158427"},{"taxonomy":"post_tag","embeddable":true,"href":"https:\/\/www.europesays.com\/pt\/wp-json\/wp\/v2\/tags?post=158427"}],"curies":[{"name":"wp","href":"https:\/\/api.w.org\/{rel}","templated":true}]}}