{"id":158431,"date":"2025-11-20T04:01:19","date_gmt":"2025-11-20T04:01:19","guid":{"rendered":"https:\/\/www.europesays.com\/pt\/158431\/"},"modified":"2025-11-20T04:01:19","modified_gmt":"2025-11-20T04:01:19","slug":"tudo-sobre-a-2a-temporada-de-um-espiao-infiltrado-serie-da-netflix","status":"publish","type":"post","link":"https:\/\/www.europesays.com\/pt\/158431\/","title":{"rendered":"Tudo sobre a 2\u00aa temporada de Um Espi\u00e3o Infiltrado, s\u00e9rie da Netflix"},"content":{"rendered":"<p>A segunda temporada de Um Espi\u00e3o Infiltrado chega na <a href=\"https:\/\/tangerina.uol.com.br\/tag\/netflix\/\" target=\"_blank\" rel=\"noreferrer noopener nofollow\">Netflix <\/a>nesta quinta-feira (20), com oito novos epis\u00f3dios e outro mist\u00e9rio para Charlie (Ted Danson) solucionar enquanto trabalha disfar\u00e7ado para Julie (Lilah Richcreek), que havia o contratado para se infiltrar em um asilo onde itens valiosos dos internos come\u00e7aram a sumir.<\/p>\n<p><strong>[Aten\u00e7\u00e3o: cont\u00e9m spoilers da primeira temporada de Um Espi\u00e3o Infiltrado a seguir]<\/strong><\/p>\n<p>Quando foi contatado por Julie, Charlie era apenas um professor universit\u00e1rio aposentado, vivendo o luto pela morte de sua mulher, que sofria de Alzheimer. Ele havia sido incentivado pela pr\u00f3pria filha, Emily (Mary Elizabeth Ellis) a viver novas aventuras, ent\u00e3o aceitou a proposta da investigadora particular.<\/p>\n<p>Passando a viver no asilo, Charlie n\u00e3o s\u00f3 fez novas amizades, como revisitou o trauma por ter mandado sua mulher \u00e0 uma casa de repouso, onde ela seria acompanhada de perto por uma equipe m\u00e9dica, j\u00e1 que ela estava em um est\u00e1gio da doen\u00e7a em que n\u00e3o era mais poss\u00edvel permanecer em casa. O professor nunca se perdoou por isso, mas conseguiu, enfim, superar o passado \u2014al\u00e9m de resolver o mist\u00e9rio dos itens sumidos.<\/p>\n<p>2\u00aa temporada de Um Espi\u00e3o Infiltrado<\/p>\n<p>Na segunda temporada, Charlie vai precisar colocar em pr\u00e1tica suas habilidades como professor, pois o novo caso acontece em Wheeler College, uma faculdade de artes liberais. Jack Berenger (Max Greenfield), presidente da institui\u00e7\u00e3o de ensino, passa a ser chantageado e acredita que o respons\u00e1vel pelas amea\u00e7as \u00e9 um ex-aluno seu, que agora se tornou um grande bilion\u00e1rio.<\/p>\n<p>Disfar\u00e7ado como professor, Charlie encontra v\u00e1rios suspeitos, mas acaba perdendo o foco ao conhecer Mona (Mary Steenburgen), uma professora de m\u00fasica entusiasmada pela vida que lhe desperta novos sentimentos. As coisas se complicam quando ele percebe que ela tamb\u00e9m \u00e9 uma das suspeitas.<\/p>\n<p>Embora o protagonista tenha outro cen\u00e1rio, a volta de seu amigo Calbert (Stephen McKinley Henderson) est\u00e1 confirmada. A grande novidade \u00e9 que o interesse amoroso de Charlie ser\u00e1 interpretado por Mary Steenburgen, esposa de Danson na vida real.<\/p>\n","protected":false},"excerpt":{"rendered":"A segunda temporada de Um Espi\u00e3o Infiltrado chega na Netflix nesta quinta-feira (20), com oito novos epis\u00f3dios e&hellip;\n","protected":false},"author":2,"featured_media":158432,"comment_status":"","ping_status":"","sticky":false,"template":"","format":"standard","meta":{"footnotes":""},"categories":[142],"tags":[114,115,716,32,33,941,151],"class_list":{"0":"post-158431","1":"post","2":"type-post","3":"status-publish","4":"format-standard","5":"has-post-thumbnail","7":"category-tv","8":"tag-entertainment","9":"tag-entretenimento","10":"tag-netflix","11":"tag-portugal","12":"tag-pt","13":"tag-series","14":"tag-tv"},"share_on_mastodon":{"url":"https:\/\/pubeurope.com\/@pt\/115580035598131267","error":""},"_links":{"self":[{"href":"https:\/\/www.europesays.com\/pt\/wp-json\/wp\/v2\/posts\/158431","targetHints":{"allow":["GET"]}}],"collection":[{"href":"https:\/\/www.europesays.com\/pt\/wp-json\/wp\/v2\/posts"}],"about":[{"href":"https:\/\/www.europesays.com\/pt\/wp-json\/wp\/v2\/types\/post"}],"author":[{"embeddable":true,"href":"https:\/\/www.europesays.com\/pt\/wp-json\/wp\/v2\/users\/2"}],"replies":[{"embeddable":true,"href":"https:\/\/www.europesays.com\/pt\/wp-json\/wp\/v2\/comments?post=158431"}],"version-history":[{"count":0,"href":"https:\/\/www.europesays.com\/pt\/wp-json\/wp\/v2\/posts\/158431\/revisions"}],"wp:featuredmedia":[{"embeddable":true,"href":"https:\/\/www.europesays.com\/pt\/wp-json\/wp\/v2\/media\/158432"}],"wp:attachment":[{"href":"https:\/\/www.europesays.com\/pt\/wp-json\/wp\/v2\/media?parent=158431"}],"wp:term":[{"taxonomy":"category","embeddable":true,"href":"https:\/\/www.europesays.com\/pt\/wp-json\/wp\/v2\/categories?post=158431"},{"taxonomy":"post_tag","embeddable":true,"href":"https:\/\/www.europesays.com\/pt\/wp-json\/wp\/v2\/tags?post=158431"}],"curies":[{"name":"wp","href":"https:\/\/api.w.org\/{rel}","templated":true}]}}