{"id":158433,"date":"2025-11-20T04:13:13","date_gmt":"2025-11-20T04:13:13","guid":{"rendered":"https:\/\/www.europesays.com\/pt\/158433\/"},"modified":"2025-11-20T04:13:13","modified_gmt":"2025-11-20T04:13:13","slug":"tony-tornado-relembra-preconceito-durante-casamento-com-arlete-salles","status":"publish","type":"post","link":"https:\/\/www.europesays.com\/pt\/158433\/","title":{"rendered":"Tony Tornado relembra preconceito durante casamento com Arlete Salles"},"content":{"rendered":"\n<p>Tony Tornado, 95, desabafou sobre o preconceito que viveu ao lado de Arlete Salles, 87. Em entrevista \u00e0 BBC, o ator relembrou o casamento que durou sete anos, entre 1970 e 1977.\u00a0<\/p>\n<p>&#8220;Carreguei essa pecha por todo esse tempo, por gostar de uma pessoa de outra cor. As pessoas diziam: &#8216;ele faz um discurso e \u00e9 casado com uma loira&#8217;. Mas isso era coisa do cora\u00e7\u00e3o, eu queria explicar para as pessoas que uma coisa n\u00e3o tinha nada a ver com outra. Absolutamente. Era amor. Era mais paix\u00e3o que qualquer outra coisa&#8221;.<\/p>\n<p>Tony conta que deu de presente a Arlete o galo de ouro que ele ganhou do festival em 1970. &#8220;Dei por amor, e as pessoas n\u00e3o entendiam esse amor. E ela correu todo o risco comigo. Ela \u00e9 uma mulher maravilhosa. Tenho o maior carinho e respeito por ela&#8221;.<\/p>\n<p>Arlete Salles, que atualmente est\u00e1 no ar em &#8220;Tr\u00eas Gra\u00e7as&#8221; (Globo), j\u00e1 havia falado sobre o tema.<\/p>\n<p>&#8220;Mexer com preconceito \u00e9 uma coisa muito dif\u00edcil. O preconceito tem uma viol\u00eancia insuspeitada para quem nunca viveu. Quando eu vi, estava no meio daquele furac\u00e3o. Eu ali totalmente quebrada, afundando naquele p\u00e2ntano de hostilidade e de viol\u00eancia racial&#8221;, disse ela, em entrevista a Pedro Bial em 2021.<\/p>\n","protected":false},"excerpt":{"rendered":"Tony Tornado, 95, desabafou sobre o preconceito que viveu ao lado de Arlete Salles, 87. Em entrevista \u00e0&hellip;\n","protected":false},"author":2,"featured_media":158434,"comment_status":"","ping_status":"","sticky":false,"template":"","format":"standard","meta":{"footnotes":""},"categories":[145],"tags":[4372,1435,211,210,114,115,32,18927,33,17287],"class_list":{"0":"post-158433","1":"post","2":"type-post","3":"status-publish","4":"format-standard","5":"has-post-thumbnail","7":"category-celebridades","8":"tag-arlete-salles","9":"tag-casamento","10":"tag-celebridades","11":"tag-celebrities","12":"tag-entertainment","13":"tag-entretenimento","14":"tag-portugal","15":"tag-preconceito","16":"tag-pt","17":"tag-tony-tornado"},"share_on_mastodon":{"url":"https:\/\/pubeurope.com\/@pt\/115580082795350590","error":""},"_links":{"self":[{"href":"https:\/\/www.europesays.com\/pt\/wp-json\/wp\/v2\/posts\/158433","targetHints":{"allow":["GET"]}}],"collection":[{"href":"https:\/\/www.europesays.com\/pt\/wp-json\/wp\/v2\/posts"}],"about":[{"href":"https:\/\/www.europesays.com\/pt\/wp-json\/wp\/v2\/types\/post"}],"author":[{"embeddable":true,"href":"https:\/\/www.europesays.com\/pt\/wp-json\/wp\/v2\/users\/2"}],"replies":[{"embeddable":true,"href":"https:\/\/www.europesays.com\/pt\/wp-json\/wp\/v2\/comments?post=158433"}],"version-history":[{"count":0,"href":"https:\/\/www.europesays.com\/pt\/wp-json\/wp\/v2\/posts\/158433\/revisions"}],"wp:featuredmedia":[{"embeddable":true,"href":"https:\/\/www.europesays.com\/pt\/wp-json\/wp\/v2\/media\/158434"}],"wp:attachment":[{"href":"https:\/\/www.europesays.com\/pt\/wp-json\/wp\/v2\/media?parent=158433"}],"wp:term":[{"taxonomy":"category","embeddable":true,"href":"https:\/\/www.europesays.com\/pt\/wp-json\/wp\/v2\/categories?post=158433"},{"taxonomy":"post_tag","embeddable":true,"href":"https:\/\/www.europesays.com\/pt\/wp-json\/wp\/v2\/tags?post=158433"}],"curies":[{"name":"wp","href":"https:\/\/api.w.org\/{rel}","templated":true}]}}