{"id":158435,"date":"2025-11-20T04:16:15","date_gmt":"2025-11-20T04:16:15","guid":{"rendered":"https:\/\/www.europesays.com\/pt\/158435\/"},"modified":"2025-11-20T04:16:15","modified_gmt":"2025-11-20T04:16:15","slug":"quinta-na-tv-faraos-e-caos-numa-ressaca-bailada-televisao","status":"publish","type":"post","link":"https:\/\/www.europesays.com\/pt\/158435\/","title":{"rendered":"Quinta na TV: fara\u00f3s e caos numa Ressaca Bailada | Televis\u00e3o"},"content":{"rendered":"<p>CINEMA<\/p>\n<p dir=\"ltr\"><strong><a href=\"https:\/\/cinecartaz.publico.pt\/filme\/ressaca-bailada-filme-concerto-413387\" rel=\"nofollow noopener\" target=\"_blank\">Ressaca Bailada<\/a><\/strong><br \/><strong>TVCine Edition, 20h40<\/strong><\/p>\n<p dir=\"ltr\">Primeiro foi um \u00e1lbum, depois um filme. O \u00e1lbum, Ressaca Bailada, foi publicado em Setembro de 2023, e inspirados nele os Expresso Transatl\u00e2ntico fizeram um filme-concerto com o mesmo nome, a desafiar o \u201cestatuto intoc\u00e1vel da tradi\u00e7\u00e3o\u201d onde, al\u00e9m do trio que \u00e9 composto por Gaspar Varela (guitarra portuguesa, viola, guitarra el\u00e9ctrica), Rafael Matos (bateria) e Sebasti\u00e3o Varela (guitarra el\u00e9ctrica), participaram os m\u00fasicos Tiago Martins (baixo), Z\u00e9 Cruz (trompete, teclados, sopros, percuss\u00e3o), I\u00fari Oliveira (percuss\u00e3o) e, como convidado, Conan Os\u00edris (voz num dos temas).<\/p>\n<p dir=\"ltr\">Al\u00e9m de sete actores e actrizes nas partes ficcionadas do filme: Jo\u00e3o Cachola, Rita Blanco, Laura Dutra, Vicente Wallenstein, In\u00eas Pires Tavares, Rodolfo Major e Nuno Nolasco. Com argumento e realiza\u00e7\u00e3o de Sebasti\u00e3o Varela (um dos m\u00fasicos dos Expresso Transatl\u00e2ntico), Ressaca Bailada foi filmado em v\u00e1rios locais (Marvila, Guincho, Bairro Alto), em Abril de 2024.<\/p>\n<p>        &#13;<\/p>\n<p>&#13;<br \/>\n                &#13;\n            <\/p>\n<p>&#13;<\/p>\n<p dir=\"ltr\"><strong><a href=\"https:\/\/cinecartaz.publico.pt\/Filme\/353228_a-procura-de-uma-estrela\" rel=\"nofollow noopener\" target=\"_blank\">\u00c0 Procura de Uma Estrela<\/a><\/strong><br \/><strong>AMC, 00h56<\/strong><\/p>\n<p dir=\"ltr\">O chef Adam Jones ganhou duas estrelas Michelin quando ainda era muito jovem. Mas a carreira promissora colapsou quando se deixou levar pelo consumo de drogas. Agora, empenhado em refazer a sua vida, decide come\u00e7ar do zero em Londres. S\u00f3 precisa de uma equipa de sonho que esteja t\u00e3o motivada como ele. Bradley Cooper, Sienna Miller, Uma Thurman, Emma Thompson, Omar Sy e Daniel Br\u00fchl d\u00e3o vida a este filme realizado por John Wells e escrito por Steven Knight.<\/p>\n<p>S\u00c9RIES<\/p>\n<p dir=\"ltr\"><strong>Crimes de Natal<\/strong><br \/><strong>TVCine Emotion, 22h10<\/strong><\/p>\n<p dir=\"ltr\">Em estreia, uma trama criminal com aroma natal\u00edcio. Na senda de outras produ\u00e7\u00f5es que encontram gente com faro de detective em lugares improv\u00e1veis, esta centra-se em Emily Lane, dona de uma loja de adere\u00e7os festivos que come\u00e7a a trabalhar com a pol\u00edcia quando uma s\u00e9rie de homic\u00eddios abala a comunidade local \u2014 embora tamb\u00e9m ela tenha fantasmas de natais passados\u2026 A ac\u00e7\u00e3o passa-se durante os preparativos para a quadra numa localidade chamada Fletcher\u2019s Grove (nome que pisca o olho \u00e0 Jessica Fletcher de Crime, Disse Ela). Protagonizada por Sarah Drew e Peter Mooney, a s\u00e9rie \u00e9 uma cria\u00e7\u00e3o de Ken Cuperus, tamb\u00e9m co-respons\u00e1vel, a meias com Will Dixon, por Hudson &amp; Rex. Cada quinta-feira traz um caso novo.<\/p>\n<p dir=\"ltr\"><strong>Cardo<\/strong><br \/><strong>TVCine Edition, 22h10<\/strong><\/p>\n<p dir=\"ltr\">Ana Rujas est\u00e1 de volta como co-criadora de Cardo (juntamente com Claudia Costafreda) e como a actriz que d\u00e1 vida a Mar\u00eda, uma jovem madrilena numa jornada pessoal de reden\u00e7\u00e3o. Nesta s\u00e9rie intensa \u2014 que, nas palavras do TVCine, \u201cmergulha de forma implac\u00e1vel nos dramas pessoais e sociais de uma gera\u00e7\u00e3o prec\u00e1ria e \u00e0 deriva, que tenta encontrar sentido num mundo fragmentado\u201d \u2014 reencontramo-la ap\u00f3s tr\u00eas anos na pris\u00e3o, desejosa de mudan\u00e7a mas sem conseguir realmente abandonar o padr\u00e3o de toxicidade, auto-sabotagem e inquieta\u00e7\u00e3o. Os novos epis\u00f3dios saem \u00e0 quinta.<\/p>\n<p dir=\"ltr\"><strong>Temos Um Infiltrado<\/strong><br \/><strong>Netflix, streaming<\/strong><\/p>\n<p dir=\"ltr\">Depois do sucesso que foi The Good Place, o actor Ted Danson e o criador Michael Schur voltaram a unir for\u00e7as nesta com\u00e9dia inspirada em El Agente Topo, de Maite Alberdi (filme nomeado para o \u00d3scar de melhor document\u00e1rio), em que um idoso se infiltra como investigador num lar de terceira idade. Esta \u00e9 a segunda temporada.<\/p>\n<p>DOCUMENT\u00c1RIO<\/p>\n<p dir=\"ltr\"><strong>Inimigos do Egipto<\/strong><br \/><strong>Hist\u00f3ria, 22h15<\/strong><\/p>\n<p dir=\"ltr\">Estreia. Em quatro epis\u00f3dios, debitados aos pares entre esta quinta-feira e a pr\u00f3xima, estabelece-se a rela\u00e7\u00e3o entre o poder dos fara\u00f3s (Tutm\u00f3sis III, Rams\u00e9s II, Ptolemeu IV e Cle\u00f3patra) e as batalhas \u00e9picas que, nos seus reinados, foram travadas contra os seus inimigos.<\/p>\n<p>INFANTIL<\/p>\n<p dir=\"ltr\"><strong>Mundo Jur\u00e1ssico: Teoria do Caos<\/strong><br \/><strong>Netflix, streaming<\/strong><\/p>\n<p dir=\"ltr\">Os \u201cseis da Nublar\u201d, o grupo de adolescentes que protagonizou \u2013 ou sobreviveu a \u2013 cinco \u00e9pocas de Acampamento Cret\u00e1ceo (variante animada do franchise baseado no livro \u201cjur\u00e1ssico\u201d de Michael Crichton), regressam para mais uma dose generosa de sustos, dentes \u00e0 espreita e mist\u00e9rios intrincados. Esta \u00e9 a quarta temporada da saga em que, j\u00e1 como jovens adultos a viverem num mundo onde humanos \u201cconvivem\u201d com dinossauros, se juntam para investigar conspira\u00e7\u00f5es perigosas.<\/p>\n<p>        &#13;<\/p>\n<p>&#13;<br \/>\n                &#13;\n            <\/p>\n<p>&#13;<\/p>\n","protected":false},"excerpt":{"rendered":"CINEMA Ressaca BailadaTVCine Edition, 20h40 Primeiro foi um \u00e1lbum, depois um filme. O \u00e1lbum, Ressaca Bailada, foi publicado&hellip;\n","protected":false},"author":2,"featured_media":158436,"comment_status":"","ping_status":"","sticky":false,"template":"","format":"standard","meta":{"footnotes":""},"categories":[142],"tags":[1415,470,1413,1414,114,115,3209,294,32,33,291,941,940,218,151],"class_list":{"0":"post-158435","1":"post","2":"type-post","3":"status-publish","4":"format-standard","5":"has-post-thumbnail","7":"category-tv","8":"tag-animacao","9":"tag-cinema","10":"tag-cultura-ipsilon","11":"tag-documentario","12":"tag-entertainment","13":"tag-entretenimento","14":"tag-infantil","15":"tag-lazer","16":"tag-portugal","17":"tag-pt","18":"tag-relaxar","19":"tag-series","20":"tag-streaming","21":"tag-televisao","22":"tag-tv"},"share_on_mastodon":{"url":"https:\/\/pubeurope.com\/@pt\/115580094588740245","error":""},"_links":{"self":[{"href":"https:\/\/www.europesays.com\/pt\/wp-json\/wp\/v2\/posts\/158435","targetHints":{"allow":["GET"]}}],"collection":[{"href":"https:\/\/www.europesays.com\/pt\/wp-json\/wp\/v2\/posts"}],"about":[{"href":"https:\/\/www.europesays.com\/pt\/wp-json\/wp\/v2\/types\/post"}],"author":[{"embeddable":true,"href":"https:\/\/www.europesays.com\/pt\/wp-json\/wp\/v2\/users\/2"}],"replies":[{"embeddable":true,"href":"https:\/\/www.europesays.com\/pt\/wp-json\/wp\/v2\/comments?post=158435"}],"version-history":[{"count":0,"href":"https:\/\/www.europesays.com\/pt\/wp-json\/wp\/v2\/posts\/158435\/revisions"}],"wp:featuredmedia":[{"embeddable":true,"href":"https:\/\/www.europesays.com\/pt\/wp-json\/wp\/v2\/media\/158436"}],"wp:attachment":[{"href":"https:\/\/www.europesays.com\/pt\/wp-json\/wp\/v2\/media?parent=158435"}],"wp:term":[{"taxonomy":"category","embeddable":true,"href":"https:\/\/www.europesays.com\/pt\/wp-json\/wp\/v2\/categories?post=158435"},{"taxonomy":"post_tag","embeddable":true,"href":"https:\/\/www.europesays.com\/pt\/wp-json\/wp\/v2\/tags?post=158435"}],"curies":[{"name":"wp","href":"https:\/\/api.w.org\/{rel}","templated":true}]}}