{"id":158439,"date":"2025-11-20T04:27:15","date_gmt":"2025-11-20T04:27:15","guid":{"rendered":"https:\/\/www.europesays.com\/pt\/158439\/"},"modified":"2025-11-20T04:27:15","modified_gmt":"2025-11-20T04:27:15","slug":"ex-socia-revela-como-era-o-trabalho-de-preta-gil-na-mynd","status":"publish","type":"post","link":"https:\/\/www.europesays.com\/pt\/158439\/","title":{"rendered":"Ex-s\u00f3cia revela como era o trabalho de Preta Gil na Mynd"},"content":{"rendered":"<p>Fundadora da Mynd, maior ag\u00eancia de influenciadores do Brasil, <strong>Fatima Pissarra<\/strong> participou do NaTelinha Talk de ter\u00e7a-feira (18) e contou como era a atua\u00e7\u00e3o de sua ex-s\u00f3cia, Preta Gil (1970-2025), na empresa. De acordo com a empres\u00e1ria, a cantora participava ativamente dos neg\u00f3cios.<\/p>\n<p>&#8220;Ela dava expediente no come\u00e7o. Depois veio a pandemia e a\u00ed ela ficou doente&#8221;, pontuou. A pandemia \u00e0 qual ela se referiu foi o per\u00edodo em que a Covid-19 assolou o mundo, a partir de mar\u00e7o de 2020. <a href=\"https:\/\/natelinha.uol.com.br\/famosos\/2023\/01\/10\/preta-gil-e-diagnosticada-com-cancer-192506.php\" rel=\"nofollow noopener\" target=\"_blank\">J\u00e1 a doen\u00e7a da artista foi descoberta em janeiro de 2023<\/a>, quando ela revelou que havia sido diagnosticada com c\u00e2ncer no intestino.<\/p>\n<p>+\u00a0<a href=\"https:\/\/natelinha.uol.com.br\/a-fazenda\/2025\/11\/19\/a-fazenda-barraco-entre-tamires-e-rayane-envolve-belo-gracyanne-davi-brito-e-traficante-234146.php\" rel=\"nofollow noopener\" target=\"_blank\">A Fazenda: Barraco entre Tamires e Rayane envolve Belo, Gracyanne, Davi Brito e traficante<\/a><\/p>\n<p>continua depois da publicidade<\/p>\n<p>+\u00a0<a href=\"https:\/\/natelinha.uol.com.br\/famosos\/2025\/11\/19\/fiuk-desabafa-e-expoe-puxada-de-tapete-a-historia-e-minha-234145.php\" rel=\"nofollow noopener\" target=\"_blank\">Fiuk desabafa e exp\u00f5e puxada de tapete: &#8220;A hist\u00f3ria \u00e9 minha&#8221;<\/a><\/p>\n<p>Apesar de tudo, de acordo com a CEO da Mynd, a ag\u00eancia contava com toda a influ\u00eancia de <a href=\"https:\/\/natelinha.uol.com.br\/famosos\/tudo-sobre\/preta-gil\" rel=\"nofollow noopener\" target=\"_blank\">Preta Gil<\/a>: &#8220;Mas ela ia a toda reuni\u00e3o e evento que a gente chamava. Indicava v\u00e1rios influencers. Foi ela quem me apresentou a <a href=\"https:\/\/natelinha.uol.com.br\/famosos\/tudo-sobre\/luisa-sonza\" rel=\"nofollow noopener\" target=\"_blank\">Lu\u00edsa [Sonza]<\/a>. Ela falou que a gente podia ter uma cantora na ag\u00eancia e me apresentou a Lu\u00edsa em Noronha&#8221;.<\/p>\n<p>CEO da Mynd relembra \u00faltima conversa com Preta Gil<\/p>\n<p><img decoding=\"async\" loading=\"lazy\" class=\"horizontal\" src=\"https:\/\/www.europesays.com\/pt\/wp-content\/uploads\/2025\/11\/preta-gil-apaga-desabafo-traicoes-1_1622.jpeg\" alt=\"imagem-texto\"\/><\/p>\n<p>No mesmo programa, transmitido diariamente no YouTube, <a href=\"https:\/\/natelinha.uol.com.br\/televisao\/2025\/11\/18\/a-ultima-conversa-de-preta-gil-com-a-socia-e-ceo-da-mynd-234114.php\" rel=\"nofollow noopener\" target=\"_blank\">Fatima Pissarra revelou como foi sua \u00faltima conversa com Preta Gil<\/a> e tamb\u00e9m tudo o que aprendeu com a conviv\u00eancia com a artista.<\/p>\n<p>&#8220;Foi tudo muito r\u00e1pido, a gente n\u00e3o esperava At\u00e9 o \u00faltimo instante a gente tinha muita f\u00e9 de que algo ia acontecer&#8221;, afirmou, antes de completar. &#8220;Mas ela sempre foi muito tranquila, a vida inteira. Ela sempre falava com todo mundo. Qualquer problema, se chamasse ela, ela parava a vida pra te ajudar. Sempre muito alegre, sempre muito positiva, sempre muito divertida na vida&#8221;.<\/p>\n<p>continua depois da publicidade<\/p>\n<p>&#8220;Ela sempre foi incr\u00edvel, at\u00e9 o fim. Um m\u00eas antes dela falecer, a gente conversou, eu falei &#8216;ah, Preta, me manda o influenciador que voc\u00ea acha legal&#8217;, ela mandou&#8221;, revelou ao falar do \u00faltimo papo com a s\u00f3cia.<\/p>\n<p>Fatima revelou como soube da <a href=\"https:\/\/natelinha.uol.com.br\/famosos\/2025\/07\/20\/morre-preta-gil-aos-50-anos-228832.php#:~:text=A%20cantora%20Preta%20Gil%20faleceu,ap%C3%B3s%20um%20diagn%C3%B3stico%20em%202023.\" rel=\"nofollow noopener\" target=\"_blank\">morte da famosa, ocorrida em julho deste ano<\/a>: &#8220;Foi arrasador, eu tava em Portugal, de f\u00e9rias. A gente j\u00e1 estava esperando, um dia depois do outro, mas foi muito triste. A gente sofreu demais, eu chorei muito. Mas eu sempre tento pensar isso &#8216;obrigada porque eu tive o prazer de conviver com ela&#8217;, porque ela era uma pessoa fora da normalidade. Voc\u00ea v\u00ea pela como\u00e7\u00e3o que teve&#8221;.<\/p>\n<p>continua depois da publicidade<\/p>\n","protected":false},"excerpt":{"rendered":"Fundadora da Mynd, maior ag\u00eancia de influenciadores do Brasil, Fatima Pissarra participou do NaTelinha Talk de ter\u00e7a-feira (18)&hellip;\n","protected":false},"author":2,"featured_media":158440,"comment_status":"","ping_status":"","sticky":false,"template":"","format":"standard","meta":{"footnotes":""},"categories":[145],"tags":[211,210,114,115,32,862,33],"class_list":{"0":"post-158439","1":"post","2":"type-post","3":"status-publish","4":"format-standard","5":"has-post-thumbnail","7":"category-celebridades","8":"tag-celebridades","9":"tag-celebrities","10":"tag-entertainment","11":"tag-entretenimento","12":"tag-portugal","13":"tag-preta-gil","14":"tag-pt"},"share_on_mastodon":{"url":"https:\/\/pubeurope.com\/@pt\/115580137994050805","error":""},"_links":{"self":[{"href":"https:\/\/www.europesays.com\/pt\/wp-json\/wp\/v2\/posts\/158439","targetHints":{"allow":["GET"]}}],"collection":[{"href":"https:\/\/www.europesays.com\/pt\/wp-json\/wp\/v2\/posts"}],"about":[{"href":"https:\/\/www.europesays.com\/pt\/wp-json\/wp\/v2\/types\/post"}],"author":[{"embeddable":true,"href":"https:\/\/www.europesays.com\/pt\/wp-json\/wp\/v2\/users\/2"}],"replies":[{"embeddable":true,"href":"https:\/\/www.europesays.com\/pt\/wp-json\/wp\/v2\/comments?post=158439"}],"version-history":[{"count":0,"href":"https:\/\/www.europesays.com\/pt\/wp-json\/wp\/v2\/posts\/158439\/revisions"}],"wp:featuredmedia":[{"embeddable":true,"href":"https:\/\/www.europesays.com\/pt\/wp-json\/wp\/v2\/media\/158440"}],"wp:attachment":[{"href":"https:\/\/www.europesays.com\/pt\/wp-json\/wp\/v2\/media?parent=158439"}],"wp:term":[{"taxonomy":"category","embeddable":true,"href":"https:\/\/www.europesays.com\/pt\/wp-json\/wp\/v2\/categories?post=158439"},{"taxonomy":"post_tag","embeddable":true,"href":"https:\/\/www.europesays.com\/pt\/wp-json\/wp\/v2\/tags?post=158439"}],"curies":[{"name":"wp","href":"https:\/\/api.w.org\/{rel}","templated":true}]}}