{"id":158464,"date":"2025-11-20T05:13:49","date_gmt":"2025-11-20T05:13:49","guid":{"rendered":"https:\/\/www.europesays.com\/pt\/158464\/"},"modified":"2025-11-20T05:13:49","modified_gmt":"2025-11-20T05:13:49","slug":"concorrentes-partilham-historias-delicadas-e-esta-foi-a-reacao-de-pedro-jorge-a-de-marisa-secret-story","status":"publish","type":"post","link":"https:\/\/www.europesays.com\/pt\/158464\/","title":{"rendered":"Concorrentes partilham hist\u00f3rias delicadas e esta foi a rea\u00e7\u00e3o de Pedro Jorge \u00e0 de Marisa &#8211; Secret Story"},"content":{"rendered":"<p>No <strong>Secret Story 9<\/strong>, os concorrentes deram in\u00edcio a uma nova din\u00e2mica, sobre partilhas comoventes. Qual foi a primeira cicatriz emocional que os concorrentes viveram? Reunidos no jardim, os concorrentes n\u00e3o cont\u00e9m as l\u00e1grimas ao ouvir alguns relatos. Marisa relatou a dura hist\u00f3ria de vida da av\u00f3, que faleceu com cancro no seu dia de anos. O esfor\u00e7o de Pedro Jorge para conter a emo\u00e7\u00e3o foi vis\u00edvel.\u00a0<\/p>\n<p><strong>VOTE PARA SALVAR:<\/strong><\/p>\n<p><strong>ANA \u2013 761 20 20 01<br \/>F\u00c1BIO \u2013 761 20 20 08<br \/>IN\u00caS \u2013 761 20 20 10<br \/>LILIANA \u2013 761 20 20 14<br \/>MARISA SUSANA &#8211; 761 20 20 17<\/strong><\/p>\n<p><strong><a href=\"https:\/\/tvi.iol.pt\/secretstory\/aominuto\" rel=\"nofollow noopener\" target=\"_blank\">Acompanhe ao minuto tudo o que se passa na casa mais vigiada do Pa\u00eds!<\/a><\/strong><\/p>\n","protected":false},"excerpt":{"rendered":"No Secret Story 9, os concorrentes deram in\u00edcio a uma nova din\u00e2mica, sobre partilhas comoventes. Qual foi a&hellip;\n","protected":false},"author":2,"featured_media":158465,"comment_status":"","ping_status":"","sticky":false,"template":"","format":"standard","meta":{"footnotes":""},"categories":[142],"tags":[114,115,19033,19184,19034,21416,32,33,151,19032],"class_list":{"0":"post-158464","1":"post","2":"type-post","3":"status-publish","4":"format-standard","5":"has-post-thumbnail","7":"category-tv","8":"tag-entertainment","9":"tag-entretenimento","10":"tag-galas-em-video","11":"tag-marisa","12":"tag-melhores-momentos-casa-dos-segredos","13":"tag-pedro-jorge","14":"tag-portugal","15":"tag-pt","16":"tag-tv","17":"tag-videos-secret-story-tvi"},"share_on_mastodon":{"url":"https:\/\/pubeurope.com\/@pt\/115580322652640270","error":""},"_links":{"self":[{"href":"https:\/\/www.europesays.com\/pt\/wp-json\/wp\/v2\/posts\/158464","targetHints":{"allow":["GET"]}}],"collection":[{"href":"https:\/\/www.europesays.com\/pt\/wp-json\/wp\/v2\/posts"}],"about":[{"href":"https:\/\/www.europesays.com\/pt\/wp-json\/wp\/v2\/types\/post"}],"author":[{"embeddable":true,"href":"https:\/\/www.europesays.com\/pt\/wp-json\/wp\/v2\/users\/2"}],"replies":[{"embeddable":true,"href":"https:\/\/www.europesays.com\/pt\/wp-json\/wp\/v2\/comments?post=158464"}],"version-history":[{"count":0,"href":"https:\/\/www.europesays.com\/pt\/wp-json\/wp\/v2\/posts\/158464\/revisions"}],"wp:featuredmedia":[{"embeddable":true,"href":"https:\/\/www.europesays.com\/pt\/wp-json\/wp\/v2\/media\/158465"}],"wp:attachment":[{"href":"https:\/\/www.europesays.com\/pt\/wp-json\/wp\/v2\/media?parent=158464"}],"wp:term":[{"taxonomy":"category","embeddable":true,"href":"https:\/\/www.europesays.com\/pt\/wp-json\/wp\/v2\/categories?post=158464"},{"taxonomy":"post_tag","embeddable":true,"href":"https:\/\/www.europesays.com\/pt\/wp-json\/wp\/v2\/tags?post=158464"}],"curies":[{"name":"wp","href":"https:\/\/api.w.org\/{rel}","templated":true}]}}