{"id":158466,"date":"2025-11-20T05:21:12","date_gmt":"2025-11-20T05:21:12","guid":{"rendered":"https:\/\/www.europesays.com\/pt\/158466\/"},"modified":"2025-11-20T05:21:12","modified_gmt":"2025-11-20T05:21:12","slug":"mundial-2026-curacau-festeja-qualificacao-historica-para-a-fase-final","status":"publish","type":"post","link":"https:\/\/www.europesays.com\/pt\/158466\/","title":{"rendered":"Mundial 2026: Cura\u00e7au festeja qualifica\u00e7\u00e3o hist\u00f3rica para a fase final"},"content":{"rendered":"<p style=\"margin-bottom:11px\">A sele\u00e7\u00e3o do Cura\u00e7au garantiu na \u00faltima madrugada uma in\u00e9dita presen\u00e7a num Mundial de futebol, na \u00faltima ronda da qualifica\u00e7\u00e3o da Confedera\u00e7\u00e3o da Am\u00e9rica do Norte, Central e Cara\u00edbas (Concacaf), com Haiti e Panam\u00e1 tamb\u00e9m apurados para a fase final.<\/p>\n<p>No grupo B, Cura\u00e7au empatou a zero com Jamaica, em partida disputada em San Salvador, devido aos danos provocados na Jamaica pela passagem do furac\u00e3o Melissa, no final de outubro.<\/p>\n<p>A ilha das Cara\u00edbas, com pouco mais de 150 mil habitantes, tornou-se a na\u00e7\u00e3o mais pequena a conseguir a qualifica\u00e7\u00e3o para a fase final de um Mundial de futebol, destronando a Isl\u00e2ndia (405 mil habitantes), que esteve no Mundial2018.<\/p>\n<p>A sele\u00e7\u00e3o de Cura\u00e7au \u00e9 liderada por Dick Advocaat, de 78 anos, que j\u00e1 comandou a sele\u00e7\u00e3o holandesa em tr\u00eas passagens e treinou a Coreia do Sul, a B\u00e9lgica e a R\u00fassia.<\/p>\n<p>Pelo contr\u00e1rio, no grupo A, Suriname falhou uma qualifica\u00e7\u00e3o que tamb\u00e9m seria hist\u00f3rica para um Mundial de futebol, ao perder na Guatemala por 3-1.<\/p>\n<p>Quem beneficiou e carimbou o passaporte para o Mundial2026 foi Panam\u00e1, que bateu El Salvador, por 3-0.<\/p>\n<p>O Suriname, uma das na\u00e7\u00f5es fundadoras da Concacaf, em 1961, estava a disputar a fase final das eliminat\u00f3rias pela primeira vez desde 1978.<\/p>\n<p>No grupo C, Haiti conseguiu o apuramento para o Mundial2026 ao vencer Nicar\u00e1gua por 2-0, em Willemstad, capital de Cura\u00e7au, onde os haitianos t\u00eam disputado as partidas em casa, devido \u00e0 instabilidade no Haiti.<\/p>\n<p>A sele\u00e7\u00e3o haitiana contou com o m\u00e9dio Leverton Pierre, que joga no Vizela, como titular.<\/p>\n<p>O Haiti beneficiou do empate a zero das Honduras em casa da Costa Rica. Os hondurenhos precisavam de ganhar para ainda ter esperan\u00e7a em chegar \u00e0 fase final.<\/p>\n<p>Do lado da Costa Rica, o avan\u00e7ado \u00c1lvaro Zamora, que atua no Acad\u00e9mico de Viseu, foi titular, mas saiu aos 57 minutos.<\/p>\n","protected":false},"excerpt":{"rendered":"A sele\u00e7\u00e3o do Cura\u00e7au garantiu na \u00faltima madrugada uma in\u00e9dita presen\u00e7a num Mundial de futebol, na \u00faltima ronda&hellip;\n","protected":false},"author":2,"featured_media":158467,"comment_status":"","ping_status":"","sticky":false,"template":"","format":"standard","meta":{"footnotes":""},"categories":[87],"tags":[33853,135,29998,82,46,12632,26461,32,33,47,134],"class_list":{"0":"post-158466","1":"post","2":"type-post","3":"status-publish","4":"format-standard","5":"has-post-thumbnail","7":"category-desporto","8":"tag-curacau","9":"tag-desporto","10":"tag-haiti","11":"tag-internacional","12":"tag-maisfutebol","13":"tag-mundial-2026","14":"tag-panama","15":"tag-portugal","16":"tag-pt","17":"tag-pura-paixao","18":"tag-sports"},"share_on_mastodon":{"url":"https:\/\/pubeurope.com\/@pt\/115580350162157607","error":""},"_links":{"self":[{"href":"https:\/\/www.europesays.com\/pt\/wp-json\/wp\/v2\/posts\/158466","targetHints":{"allow":["GET"]}}],"collection":[{"href":"https:\/\/www.europesays.com\/pt\/wp-json\/wp\/v2\/posts"}],"about":[{"href":"https:\/\/www.europesays.com\/pt\/wp-json\/wp\/v2\/types\/post"}],"author":[{"embeddable":true,"href":"https:\/\/www.europesays.com\/pt\/wp-json\/wp\/v2\/users\/2"}],"replies":[{"embeddable":true,"href":"https:\/\/www.europesays.com\/pt\/wp-json\/wp\/v2\/comments?post=158466"}],"version-history":[{"count":0,"href":"https:\/\/www.europesays.com\/pt\/wp-json\/wp\/v2\/posts\/158466\/revisions"}],"wp:featuredmedia":[{"embeddable":true,"href":"https:\/\/www.europesays.com\/pt\/wp-json\/wp\/v2\/media\/158467"}],"wp:attachment":[{"href":"https:\/\/www.europesays.com\/pt\/wp-json\/wp\/v2\/media?parent=158466"}],"wp:term":[{"taxonomy":"category","embeddable":true,"href":"https:\/\/www.europesays.com\/pt\/wp-json\/wp\/v2\/categories?post=158466"},{"taxonomy":"post_tag","embeddable":true,"href":"https:\/\/www.europesays.com\/pt\/wp-json\/wp\/v2\/tags?post=158466"}],"curies":[{"name":"wp","href":"https:\/\/api.w.org\/{rel}","templated":true}]}}