{"id":158493,"date":"2025-11-20T06:08:09","date_gmt":"2025-11-20T06:08:09","guid":{"rendered":"https:\/\/www.europesays.com\/pt\/158493\/"},"modified":"2025-11-20T06:08:09","modified_gmt":"2025-11-20T06:08:09","slug":"cumpridas-cada-uma-das-promessas-de-campanha-antes-do-meio-de-mandato","status":"publish","type":"post","link":"https:\/\/www.europesays.com\/pt\/158493\/","title":{"rendered":"Cumpridas &#8220;cada uma das promessas de campanha&#8221; antes do meio de mandato"},"content":{"rendered":"<p>&#8220;Desde o primeiro dia da administra\u00e7\u00e3o dedic\u00e1mo-nos a cumprir cada uma das promessas da campanha, at\u00e9 ao ponto de terem sido cumpridas em menos de dois anos&#8221;, escreveu na rede social X.<\/p>\n<p>A 19 de novembro de 2023, o candidato ultraliberal venceu a segunda volta das elei\u00e7\u00f5es presidenciais com 55,65% dos votos, contra o ent\u00e3o ministro da Economia Sergio Massa (centrista), que obteve 44,35%.<\/p>\n<p>Javier Milei assumiu a presid\u00eancia da Argentina a 10 de dezembro de 2023.<\/p>\n<p>O chefe de Estado sublinhou que, quando foi empossado, se estabeleceu como o &#8220;primeiro presidente libert\u00e1rio e liberal na hist\u00f3ria da humanidade&#8221;.<\/p>\n<p>Milei salientou ainda que, ap\u00f3s o apoio recebido pelo partido A Liberdade Avan\u00e7a (LLA) nas legislativas de 26 de outubro, nas quais esta for\u00e7a obteve mais de 40% dos votos, o Governo vai aplicar as pr\u00f3ximas reformas.<\/p>\n<p>&#8220;Renovamos o nosso compromisso com todos os argentinos de implementar todas as reformas de segunda gera\u00e7\u00e3o, para que, de uma vez por todas, entremos no caminho que torna a Argentina grande novamente&#8221;, acrescentou, na mesma mensagem.<\/p>\n<p>Entre as promessas de campanha estavam uma redu\u00e7\u00e3o sem precedentes do papel do Estado, uma severa reforma laboral e fiscal e uma mudan\u00e7a dr\u00e1stica na pol\u00edtica econ\u00f3mica, incluindo um plano de &#8220;choque fiscal&#8221; destinado a reduzir a infla\u00e7\u00e3o.<\/p>\n<p>No primeiro discurso \u00e0 frente do executivo, antecipou que a \u00fanica forma de resolver as dificuldades econ\u00f3micas do pa\u00eds e alcan\u00e7ar o equil\u00edbrio das contas p\u00fablicas argentinas seria um ajuste severo.<\/p>\n<p>Para o alcan\u00e7ar, atingiu a economia real, com destrui\u00e7\u00e3o de empregos, rendimentos consumidos pela infla\u00e7\u00e3o e aumento da pobreza durante a primeira parte do mandato presidencial.<\/p>\n<p>Leia Tamb\u00e9m: <a href=\"https:\/\/www.noticiasaominuto.com\/mundo\/2885000\/milei-imita-famosa-danca-de-trump-ao-som-de-ymca-nos-eua-ha-video\" target=\"_blank\" rel=\"noreferrer noopener nofollow\">Milei imita famosa dan\u00e7a de Trump ao som de Y.M.C.A. nos EUA. H\u00e1 v\u00eddeo<\/a><\/p>\n","protected":false},"excerpt":{"rendered":"&#8220;Desde o primeiro dia da administra\u00e7\u00e3o dedic\u00e1mo-nos a cumprir cada uma das promessas da campanha, at\u00e9 ao ponto&hellip;\n","protected":false},"author":2,"featured_media":158494,"comment_status":"","ping_status":"","sticky":false,"template":"","format":"standard","meta":{"footnotes":""},"categories":[50],"tags":[27,28,15,16,14,25,26,21,22,62,12,13,19,20,23,24,17,18,29,30,31,63,64,65],"class_list":{"0":"post-158493","1":"post","2":"type-post","3":"status-publish","4":"format-standard","5":"has-post-thumbnail","7":"category-mundo","8":"tag-breaking-news","9":"tag-breakingnews","10":"tag-featured-news","11":"tag-featurednews","12":"tag-headlines","13":"tag-latest-news","14":"tag-latestnews","15":"tag-main-news","16":"tag-mainnews","17":"tag-mundo","18":"tag-news","19":"tag-noticias","20":"tag-noticias-principais","21":"tag-noticiasprincipais","22":"tag-principais-noticias","23":"tag-principaisnoticias","24":"tag-top-stories","25":"tag-topstories","26":"tag-ultimas","27":"tag-ultimas-noticias","28":"tag-ultimasnoticias","29":"tag-world","30":"tag-world-news","31":"tag-worldnews"},"share_on_mastodon":{"url":"https:\/\/pubeurope.com\/@pt\/115580534963967607","error":""},"_links":{"self":[{"href":"https:\/\/www.europesays.com\/pt\/wp-json\/wp\/v2\/posts\/158493","targetHints":{"allow":["GET"]}}],"collection":[{"href":"https:\/\/www.europesays.com\/pt\/wp-json\/wp\/v2\/posts"}],"about":[{"href":"https:\/\/www.europesays.com\/pt\/wp-json\/wp\/v2\/types\/post"}],"author":[{"embeddable":true,"href":"https:\/\/www.europesays.com\/pt\/wp-json\/wp\/v2\/users\/2"}],"replies":[{"embeddable":true,"href":"https:\/\/www.europesays.com\/pt\/wp-json\/wp\/v2\/comments?post=158493"}],"version-history":[{"count":0,"href":"https:\/\/www.europesays.com\/pt\/wp-json\/wp\/v2\/posts\/158493\/revisions"}],"wp:featuredmedia":[{"embeddable":true,"href":"https:\/\/www.europesays.com\/pt\/wp-json\/wp\/v2\/media\/158494"}],"wp:attachment":[{"href":"https:\/\/www.europesays.com\/pt\/wp-json\/wp\/v2\/media?parent=158493"}],"wp:term":[{"taxonomy":"category","embeddable":true,"href":"https:\/\/www.europesays.com\/pt\/wp-json\/wp\/v2\/categories?post=158493"},{"taxonomy":"post_tag","embeddable":true,"href":"https:\/\/www.europesays.com\/pt\/wp-json\/wp\/v2\/tags?post=158493"}],"curies":[{"name":"wp","href":"https:\/\/api.w.org\/{rel}","templated":true}]}}