{"id":158502,"date":"2025-11-20T06:28:27","date_gmt":"2025-11-20T06:28:27","guid":{"rendered":"https:\/\/www.europesays.com\/pt\/158502\/"},"modified":"2025-11-20T06:28:27","modified_gmt":"2025-11-20T06:28:27","slug":"indireta-desabafo-de-vera-gera-furor-nas-redes-sociais-secret-story","status":"publish","type":"post","link":"https:\/\/www.europesays.com\/pt\/158502\/","title":{"rendered":"Indireta? Desabafo de Vera gera furor nas redes sociais &#8211; Secret Story"},"content":{"rendered":"<p data-end=\"611\" data-start=\"296\">A ex-concorrente da Casa dos Segredos, Vera Cl\u00e1udia, voltou a marcar presen\u00e7a nas redes sociais com uma publica\u00e7\u00e3o que rapidamente gerou aten\u00e7\u00e3o e in\u00fameras rea\u00e7\u00f5es. Na mensagem, Vera partilha um discurso forte e assumidamente motivacional, centrado no empoderamento feminino.<\/p>\n<p data-end=\"889\" data-start=\"613\">Na legenda que acompanha a fotografia, Vera declara ter chegado ao limite de ver mulheres <strong>\u00aba diminu\u00edrem-se, pedindo permiss\u00e3o ou escondendo o seu valor\u00bb<\/strong>. Num texto que ganha forma de manifesto, afirma que amar-se \u00e9 um ato de coragem e que ser aut\u00eantica \u00e9 uma escolha poderosa.<\/p>\n<p data-end=\"889\" data-start=\"613\"><strong>\u00abA partir de hoje, cada mulher que se ama, se apoia e se afirma \u00e9 uma revolu\u00e7\u00e3o em movimento. Amar-se n\u00e3o \u00e9 luxo, \u00e9 ato de coragem\u00bb<\/strong><\/p>\n<p data-end=\"889\" data-start=\"613\"><strong><img loading=\"lazy\" decoding=\"async\" alt=\"\" height=\"1600\" src=\"https:\/\/www.europesays.com\/pt\/wp-content\/uploads\/2025\/11\/1763620107_921_1000.webp\" width=\"1000\"\/><\/strong><\/p>\n<p data-end=\"1301\" data-start=\"1029\">A ex-concorrente refor\u00e7a ainda que apoiar outras mulheres n\u00e3o deve ser encarado como uma op\u00e7\u00e3o, mas como uma miss\u00e3o. Sublinha que o mundo continua a subestimar o potencial feminino, mas que j\u00e1 n\u00e3o \u00e9 tempo de esperar reconhecimento,\u00a0 \u00e9 tempo de <strong>agir, brilhar e transformar.<\/strong><\/p>\n<p data-end=\"1301\" data-start=\"1029\"><strong>\u00abN\u00f3s vamos brilhar, inspirar e transformar tudo \u00e0 nossa volta. Ama-te, e brilha. O futuro \u00e9 nosso \u2014 e n\u00e3o vamos pedir licen\u00e7a para conquist\u00e1-lo.\u00bb<\/strong><\/p>\n<p data-end=\"1807\" data-start=\"1454\">A publica\u00e7\u00e3o recebeu centenas de gostos e dezenas de coment\u00e1rios, muitos deles de apoio e identifica\u00e7\u00e3o. \u00abMaravilhosaaa\u2764\ufe0f\u00e9s uma inspira\u00e7\u00e3o para todas n\u00f3s!\u00bb, \u00abFor\u00e7a, car\u00e1ter, beleza e uma inspira\u00e7\u00e3o reunidos em uma s\u00f3 foto.\u2728\u2764\ufe0f\u00bb, s\u00e3o alguns dos coment\u00e1rios que se podem ler.<\/p>\n<blockquote class=\"instagram-media\" data-instgrm-captioned=\"\" data-instgrm-permalink=\"https:\/\/www.instagram.com\/p\/DRK0fWzCNJK\/?utm_source=ig_embed&amp;utm_campaign=loading\" data-instgrm-version=\"14\" style=\" background:#FFF; border:0; border-radius:3px; box-shadow:0 0 1px 0 rgba(0,0,0,0.5),0 1px 10px 0 rgba(0,0,0,0.15); margin: 1px; max-width:540px; min-width:326px; padding:0; width:99.375%; width:-webkit-calc(100% - 2px); width:calc(100% - 2px);\">\n<\/blockquote>\n<p>                        <script async src=\"\/\/www.instagram.com\/embed.js\"><\/script><\/p>\n","protected":false},"excerpt":{"rendered":"A ex-concorrente da Casa dos Segredos, Vera Cl\u00e1udia, voltou a marcar presen\u00e7a nas redes sociais com uma publica\u00e7\u00e3o&hellip;\n","protected":false},"author":2,"featured_media":158503,"comment_status":"","ping_status":"","sticky":false,"template":"","format":"standard","meta":{"footnotes":""},"categories":[142],"tags":[18706,114,115,18705,32,33,151,24887,18704],"class_list":{"0":"post-158502","1":"post","2":"type-post","3":"status-publish","4":"format-standard","5":"has-post-thumbnail","7":"category-tv","8":"tag-bastidores-secret-story","9":"tag-entertainment","10":"tag-entretenimento","11":"tag-entrevistas-concorrentes-tvi","12":"tag-portugal","13":"tag-pt","14":"tag-tv","15":"tag-vera-claudia","16":"tag-vida-fora-da-casa"},"share_on_mastodon":{"url":"https:\/\/pubeurope.com\/@pt\/115580613877527971","error":""},"_links":{"self":[{"href":"https:\/\/www.europesays.com\/pt\/wp-json\/wp\/v2\/posts\/158502","targetHints":{"allow":["GET"]}}],"collection":[{"href":"https:\/\/www.europesays.com\/pt\/wp-json\/wp\/v2\/posts"}],"about":[{"href":"https:\/\/www.europesays.com\/pt\/wp-json\/wp\/v2\/types\/post"}],"author":[{"embeddable":true,"href":"https:\/\/www.europesays.com\/pt\/wp-json\/wp\/v2\/users\/2"}],"replies":[{"embeddable":true,"href":"https:\/\/www.europesays.com\/pt\/wp-json\/wp\/v2\/comments?post=158502"}],"version-history":[{"count":0,"href":"https:\/\/www.europesays.com\/pt\/wp-json\/wp\/v2\/posts\/158502\/revisions"}],"wp:featuredmedia":[{"embeddable":true,"href":"https:\/\/www.europesays.com\/pt\/wp-json\/wp\/v2\/media\/158503"}],"wp:attachment":[{"href":"https:\/\/www.europesays.com\/pt\/wp-json\/wp\/v2\/media?parent=158502"}],"wp:term":[{"taxonomy":"category","embeddable":true,"href":"https:\/\/www.europesays.com\/pt\/wp-json\/wp\/v2\/categories?post=158502"},{"taxonomy":"post_tag","embeddable":true,"href":"https:\/\/www.europesays.com\/pt\/wp-json\/wp\/v2\/tags?post=158502"}],"curies":[{"name":"wp","href":"https:\/\/api.w.org\/{rel}","templated":true}]}}