{"id":158506,"date":"2025-11-20T06:39:15","date_gmt":"2025-11-20T06:39:15","guid":{"rendered":"https:\/\/www.europesays.com\/pt\/158506\/"},"modified":"2025-11-20T06:39:15","modified_gmt":"2025-11-20T06:39:15","slug":"caetano-veloso-anuncia-o-lancamento-do-primeiro-album-solo-do-filho-zeca","status":"publish","type":"post","link":"https:\/\/www.europesays.com\/pt\/158506\/","title":{"rendered":"Caetano Veloso anuncia o lan\u00e7amento do primeiro \u00e1lbum solo do filho Zeca"},"content":{"rendered":"\n<p class=\" content-text__container theme-color-primary-first-letter\" data-track-category=\"Link no Texto\" data-track-links=\"\"> Na tarde desta quarta-feira, em suas redes sociais, <a class=\"\" href=\"https:\/\/oglobo.globo.com\/tudo-sobre\/personalidade\/caetano-veloso\" rel=\"nofollow noopener\" target=\"_blank\">Caetano Veloso<\/a> fez propaganda da estreia fonogr\u00e1fica solo de seu filho do meio. &#8220;Finalmente sai o primeiro \u00e1lbum de Zeca! Boas Novas. Dia 26 de novembro. Fico orgulhoso do nosso filho. Ele \u00e9 minuciosamente exigente em seu trabalho. Composi\u00e7\u00f5es, emiss\u00e3o vocal celestial, escolha dos arranjadores, tudo ali nos comove. Que Deus o aben\u00e7oe&#8221;, escreve o o cantor e compositor baiano. <\/p>\n<ul class=\"content-unordered-list\">\n<li><strong>&#8216;Curas&#8217;, Rock do Senhor e muitos aut\u00f3grafos:<\/strong> <a class=\"\" href=\"https:\/\/oglobo.globo.com\/cultura\/noticia\/2025\/11\/19\/curas-rock-do-senhor-e-muitos-autografos-como-sao-os-cultos-liderados-por-famosos-que-se-tornaram-pastores.ghtml\" rel=\"nofollow noopener\" target=\"_blank\">Como s\u00e3o os cultos liderados por famosos que se tornaram pastores<\/a><\/li>\n<li><strong>&#8216;Molho baiano&#8217;:<\/strong> <a class=\"\" href=\"https:\/\/oglobo.globo.com\/cultura\/noticia\/2025\/11\/15\/moreno-misterioso-que-teria-feito-ana-de-armas-esquecer-tom-cruise-em-1-mes-e-baiano-e-ex-de-ivete-sangalo.ghtml\" rel=\"nofollow noopener\" target=\"_blank\">Moreno misterioso que teria feito Ana de Armas esquecer Tom Cruise em 1 m\u00eas \u00e9 ex de Ivete Sangalo<\/a><\/li>\n<\/ul>\n<p class=\" content-text__container \" data-track-category=\"Link no Texto\" data-track-links=\"\"> No v\u00eddeo da publica\u00e7\u00e3o, repleto de imagens da fam\u00edlia Veloso, o pr\u00f3prio Zeca, de 33 anos, fez uma narra\u00e7\u00e3o: &#8220;O portador de boas novas pede licen\u00e7a e nasce, astuto e manso. O mundo \u00e9 uma pedra ind\u00f3cil, mas abre-se a quem sopra os c\u00e2nticos que o reencantam. O portador de boas novas acende a festa e sofre clar\u00edssima alegria. A velha cidade cintila retemperada pelo sal dos nomes que ela adivinha. Boa nova, not\u00edcia que instaura a clareira. Penhor de amizade \u00e0s gentes de boa vontade. Boa nova, supernova. Cruza o luzeiro do sul. Cores brasis no ch\u00e3o rajado. Dia que se prenuncia. Calado.&#8221; <\/p>\n<p class=\" content-text__container \" data-track-category=\"Link no Texto\" data-track-links=\"\"> Filho de Caetano e da empres\u00e1ria Paula Lavigne, Zeca recheou seu primeiro \u00e1lbum solo de can\u00e7\u00f5es autorais e in\u00e9ditas. O trabalho, que ter\u00e1 10 faixas (uma delas se chama &#8220;Salvador&#8221; e conta com as participa\u00e7\u00f5es do seu pai e dos seus irm\u00e3os, Moreno e Tom) sai pela gravadora Sony, com a qual ele assinou contrato este ano. Tamb\u00e9m participam do disco Xande de Pilares (em &#8220;O sal desse ch\u00e3o&#8221;) e <a class=\"\" href=\"https:\/\/oglobo.globo.com\/cultura\/noticia\/2024\/10\/18\/depois-do-bala-desejo-dora-morelenbaum-chega-ao-primeiro-album-solo-pique.ghtml\" rel=\"nofollow noopener\" target=\"_blank\">Dora Morelenbaum<\/a> (em &#8220;A carta&#8221;). <\/p>\n<p class=\" content-text__container \" data-track-category=\"Link no Texto\" data-track-links=\"\"> Dono do sucesso &#8220;Todo homem&#8221; (lan\u00e7ado no show &#8220;Ofert\u00f3rio&#8221;, feito com o pai e os irm\u00e3os em 2017), que foi lan\u00e7ado em single e ouvido mais de 55 milh\u00f5es de vezes em servi\u00e7os de streaming e no YouTube, Zeca teve uma de suas m\u00fasicas, &#8220;O sopro do fole&#8221;, gravada pela tia <a class=\"\" href=\"https:\/\/oglobo.globo.com\/tudo-sobre\/personalidade\/maria-bethania\/\" rel=\"nofollow noopener\" target=\"_blank\">Maria Beth\u00e2nia<\/a> no \u00e1lbum &#8220;Noturno&#8221; (2021). No ano seguinte, ele pr\u00f3prio a regravou e lan\u00e7ou em single editado. Em 2023, ele fez seu primeiro show, &#8220;Desenho de anima\u00e7\u00e3o&#8221;, apresentado em pequenas casas de Rio e de S\u00e3o Paulo. <\/p>\n<p class=\" content-text__container \" data-track-category=\"Link no Texto\" data-track-links=\"\"> Em junho, Zeca Veloso chamou aten\u00e7\u00e3o pela presen\u00e7a em um evento de moda, em S\u00e3o Paulo, a convite da Loewe, marca de luxo espanhola que veste Beyonc\u00e9 em um de seus shows. Ao lado de outros famosos, como a atriz Isabelle Drummond e Enzo Celulari, ele posou at\u00e9 para fotos profissionais, tendo seu dia de modelo, vestindo roupas da grife. <\/p>\n","protected":false},"excerpt":{"rendered":"Na tarde desta quarta-feira, em suas redes sociais, Caetano Veloso fez propaganda da estreia fonogr\u00e1fica solo de seu&hellip;\n","protected":false},"author":2,"featured_media":158507,"comment_status":"","ping_status":"","sticky":false,"template":"","format":"standard","meta":{"footnotes":""},"categories":[145],"tags":[6202,1710,5002,1640,211,210,12761,114,115,16794,32,33,17824],"class_list":{"0":"post-158506","1":"post","2":"type-post","3":"status-publish","4":"format-standard","5":"has-post-thumbnail","7":"category-celebridades","8":"tag-caetano-veloso","9":"tag-cantor","10":"tag-cantor-e-compositor","11":"tag-cantora","12":"tag-celebridades","13":"tag-celebrities","14":"tag-compositor","15":"tag-entertainment","16":"tag-entretenimento","17":"tag-maria-bethania","18":"tag-portugal","19":"tag-pt","20":"tag-xande-de-pilares"},"share_on_mastodon":{"url":"https:\/\/pubeurope.com\/@pt\/115580656900504672","error":""},"_links":{"self":[{"href":"https:\/\/www.europesays.com\/pt\/wp-json\/wp\/v2\/posts\/158506","targetHints":{"allow":["GET"]}}],"collection":[{"href":"https:\/\/www.europesays.com\/pt\/wp-json\/wp\/v2\/posts"}],"about":[{"href":"https:\/\/www.europesays.com\/pt\/wp-json\/wp\/v2\/types\/post"}],"author":[{"embeddable":true,"href":"https:\/\/www.europesays.com\/pt\/wp-json\/wp\/v2\/users\/2"}],"replies":[{"embeddable":true,"href":"https:\/\/www.europesays.com\/pt\/wp-json\/wp\/v2\/comments?post=158506"}],"version-history":[{"count":0,"href":"https:\/\/www.europesays.com\/pt\/wp-json\/wp\/v2\/posts\/158506\/revisions"}],"wp:featuredmedia":[{"embeddable":true,"href":"https:\/\/www.europesays.com\/pt\/wp-json\/wp\/v2\/media\/158507"}],"wp:attachment":[{"href":"https:\/\/www.europesays.com\/pt\/wp-json\/wp\/v2\/media?parent=158506"}],"wp:term":[{"taxonomy":"category","embeddable":true,"href":"https:\/\/www.europesays.com\/pt\/wp-json\/wp\/v2\/categories?post=158506"},{"taxonomy":"post_tag","embeddable":true,"href":"https:\/\/www.europesays.com\/pt\/wp-json\/wp\/v2\/tags?post=158506"}],"curies":[{"name":"wp","href":"https:\/\/api.w.org\/{rel}","templated":true}]}}