{"id":158512,"date":"2025-11-20T06:53:50","date_gmt":"2025-11-20T06:53:50","guid":{"rendered":"https:\/\/www.europesays.com\/pt\/158512\/"},"modified":"2025-11-20T06:53:50","modified_gmt":"2025-11-20T06:53:50","slug":"sandrina-pratas-descobre-problema-de-saude-da-filha-ainda-estou-a-processar-tudo","status":"publish","type":"post","link":"https:\/\/www.europesays.com\/pt\/158512\/","title":{"rendered":"Sandrina Pratas descobre problema de sa\u00fade da filha: &#8220;Ainda estou a processar tudo&#8221;"},"content":{"rendered":"<p>A filha de Sandrina Pratas e Lucas Manoel, Ariel, foi diagnosticada com um problema de sa\u00fade.<\/p>\n<p>No Instagram, a ex-concorrente do &#8220;<a href=\"https:\/\/tvi.iol.pt\/bigbrother\/\" target=\"_blank\" rel=\"nofollow noopener\">Big Brother<\/a>&#8221; partilhou com os seguidores uma mensagem em que abre o cora\u00e7\u00e3o sobre o momento delicado que est\u00e1 a enfrentar. &#8220;A minha beb\u00e9 \u00e9 um milagre pequenino. Hoje, descobrimos que ela n\u00e3o ouve de um dos ouvidos&#8230; E o meu cora\u00e7\u00e3o ainda est\u00e1 a aprender como se sente. Mas, quando a olho, vejo a beb\u00e9 mais forte, mais doce e mais inteligente que eu poderia ter na vida&#8221;, come\u00e7ou por escrever <a href=\"https:\/\/selfie.iol.pt\/famosos\/secret-story\/sandrina-pratas-nenhum-reality-show-muda-o-que-e-verdadeiro-quando-somos-uma-mulher-de-respeito\/20251006\/68e3a9cbd34ee0c2fed0ed24\" target=\"_blank\" rel=\"nofollow noopener\">Sandrina Pratas<\/a>.<\/p>\n<p>Para a jovem, Ariel &#8220;sorri, brilha e ilumina a casa inteira&#8221;. &#8220;Nada nela \u00e9 menos &#8211; tudo nela \u00e9 mais: mais amor, mais luz, mais coragem. Eu, como m\u00e3e, ainda estou a processar tudo&#8230; \u00c9 novo, \u00e9 diferente, \u00e9 dif\u00edcil. Mas sei que Deus coloca anjinhos especiais em caminhos especiais. E Ele nunca abandona. A minha beb\u00e9 vai crescer forte, feliz e cheia de vit\u00f3rias. E eu vou aprender com ela todos os dias&#8221;, salientou a ex-participante do reality show da <a href=\"https:\/\/tvi.iol.pt\/\" target=\"_blank\" rel=\"nofollow noopener\">TVI<\/a>.<\/p>\n<p>Em jeito de remate, a alentejana disse: &#8220;Somos uma equipa. E Deus caminha connosco. Am\u00e9m&#8221;.<\/p>\n<p>A filha de Sandrina Pratas e Lucas Manoel completou dois anos em julho passado.<\/p>\n<p>Veja, agora, nas galerias que prepar\u00e1mos para si, as melhores imagens de <a href=\"https:\/\/selfie.iol.pt\/famosos\/big-brother\/o-fim-nunca-e-o-fim-sandrina-pratas-fala-sobre-novo-comeco-e-o-marido-reage\/20251109\/69108b2ed34e2bd5c6d3cb7e\" target=\"_blank\" rel=\"nofollow noopener\">Sandrina Pratas<\/a> e da respetiva fam\u00edlia.<\/p>\n","protected":false},"excerpt":{"rendered":"A filha de Sandrina Pratas e Lucas Manoel, Ariel, foi diagnosticada com um problema de sa\u00fade. No Instagram,&hellip;\n","protected":false},"author":2,"featured_media":158513,"comment_status":"","ping_status":"","sticky":false,"template":"","format":"standard","meta":{"footnotes":""},"categories":[145],"tags":[14708,6308,48,211,210,114,115,6309,980,1127,1015,33854,33855,619,32,33,1014,2161,1012,162],"class_list":{"0":"post-158512","1":"post","2":"type-post","3":"status-publish","4":"format-standard","5":"has-post-thumbnail","7":"category-celebridades","8":"tag-ariel","9":"tag-bb","10":"tag-big-brother","11":"tag-celebridades","12":"tag-celebrities","13":"tag-entertainment","14":"tag-entretenimento","15":"tag-ex-concorrente","16":"tag-famosos","17":"tag-filha","18":"tag-instagram","19":"tag-lucas-manoel","20":"tag-lucas-santos","21":"tag-nacional","22":"tag-portugal","23":"tag-pt","24":"tag-reality-show","25":"tag-sandrina-pratas","26":"tag-selfie","27":"tag-tvi"},"share_on_mastodon":{"url":"https:\/\/pubeurope.com\/@pt\/115580715839745153","error":""},"_links":{"self":[{"href":"https:\/\/www.europesays.com\/pt\/wp-json\/wp\/v2\/posts\/158512","targetHints":{"allow":["GET"]}}],"collection":[{"href":"https:\/\/www.europesays.com\/pt\/wp-json\/wp\/v2\/posts"}],"about":[{"href":"https:\/\/www.europesays.com\/pt\/wp-json\/wp\/v2\/types\/post"}],"author":[{"embeddable":true,"href":"https:\/\/www.europesays.com\/pt\/wp-json\/wp\/v2\/users\/2"}],"replies":[{"embeddable":true,"href":"https:\/\/www.europesays.com\/pt\/wp-json\/wp\/v2\/comments?post=158512"}],"version-history":[{"count":0,"href":"https:\/\/www.europesays.com\/pt\/wp-json\/wp\/v2\/posts\/158512\/revisions"}],"wp:featuredmedia":[{"embeddable":true,"href":"https:\/\/www.europesays.com\/pt\/wp-json\/wp\/v2\/media\/158513"}],"wp:attachment":[{"href":"https:\/\/www.europesays.com\/pt\/wp-json\/wp\/v2\/media?parent=158512"}],"wp:term":[{"taxonomy":"category","embeddable":true,"href":"https:\/\/www.europesays.com\/pt\/wp-json\/wp\/v2\/categories?post=158512"},{"taxonomy":"post_tag","embeddable":true,"href":"https:\/\/www.europesays.com\/pt\/wp-json\/wp\/v2\/tags?post=158512"}],"curies":[{"name":"wp","href":"https:\/\/api.w.org\/{rel}","templated":true}]}}