{"id":158514,"date":"2025-11-20T06:56:16","date_gmt":"2025-11-20T06:56:16","guid":{"rendered":"https:\/\/www.europesays.com\/pt\/158514\/"},"modified":"2025-11-20T06:56:16","modified_gmt":"2025-11-20T06:56:16","slug":"a-postura-mais-rasca-que-podia-ter-teresa-silva-rasga-concorrente-secret-story","status":"publish","type":"post","link":"https:\/\/www.europesays.com\/pt\/158514\/","title":{"rendered":"\u00abA postura mais rasca que podia ter\u00bb Teresa Silva &#8216;rasga&#8217; concorrente &#8211; Secret Story"},"content":{"rendered":"<p>No Extra do Secret Story 9, ap\u00f3s vermos as imagens completas do conflito mais quente desta semana que aconteceu entre Dylan e F\u00e1bio e que levou os concorrentes ao limite, os concorrentes tiveram de ser chamados \u00e0 aten\u00e7\u00e3o pela Voz. No meio de tudo isto, foi a rea\u00e7\u00e3o de In\u00eas que n\u00e3o passou despercebida. J\u00e1 em est\u00fadio, Teresa Silva apontou v\u00e1rias cr\u00edticas a Dylan e defendeu F\u00e1bio.\u00a0<\/p>\n<p><strong>Esta semana, h\u00e1 cinco concorrentes em risco de expuls\u00e3o j\u00e1 no pr\u00f3ximo domingo.<\/strong><\/p>\n<p>VOTE PARA SALVAR:<\/p>\n<p>ANA \u2013 761 20 20 01<br \/>F\u00c1BIO \u2013 761 20 20 08<br \/>IN\u00caS \u2013 761 20 20 10<br \/>LILIANA \u2013 761 20 20 14<br \/>MARISA SUSANA &#8211; 761 20 20 17<\/p>\n<p><a href=\"https:\/\/tvi.iol.pt\/secretstory\/aominuto\" rel=\"nofollow noopener\" target=\"_blank\">Acompanhe ao minuto tudo o que se passa na casa mais vigiada do Pa\u00eds!<\/a><\/p>\n","protected":false},"excerpt":{"rendered":"No Extra do Secret Story 9, ap\u00f3s vermos as imagens completas do conflito mais quente desta semana que&hellip;\n","protected":false},"author":2,"featured_media":158515,"comment_status":"","ping_status":"","sticky":false,"template":"","format":"standard","meta":{"footnotes":""},"categories":[142],"tags":[114,115,19033,19034,32,33,151,19032],"class_list":{"0":"post-158514","1":"post","2":"type-post","3":"status-publish","4":"format-standard","5":"has-post-thumbnail","7":"category-tv","8":"tag-entertainment","9":"tag-entretenimento","10":"tag-galas-em-video","11":"tag-melhores-momentos-casa-dos-segredos","12":"tag-portugal","13":"tag-pt","14":"tag-tv","15":"tag-videos-secret-story-tvi"},"share_on_mastodon":{"url":"https:\/\/pubeurope.com\/@pt\/115580723690747099","error":""},"_links":{"self":[{"href":"https:\/\/www.europesays.com\/pt\/wp-json\/wp\/v2\/posts\/158514","targetHints":{"allow":["GET"]}}],"collection":[{"href":"https:\/\/www.europesays.com\/pt\/wp-json\/wp\/v2\/posts"}],"about":[{"href":"https:\/\/www.europesays.com\/pt\/wp-json\/wp\/v2\/types\/post"}],"author":[{"embeddable":true,"href":"https:\/\/www.europesays.com\/pt\/wp-json\/wp\/v2\/users\/2"}],"replies":[{"embeddable":true,"href":"https:\/\/www.europesays.com\/pt\/wp-json\/wp\/v2\/comments?post=158514"}],"version-history":[{"count":0,"href":"https:\/\/www.europesays.com\/pt\/wp-json\/wp\/v2\/posts\/158514\/revisions"}],"wp:featuredmedia":[{"embeddable":true,"href":"https:\/\/www.europesays.com\/pt\/wp-json\/wp\/v2\/media\/158515"}],"wp:attachment":[{"href":"https:\/\/www.europesays.com\/pt\/wp-json\/wp\/v2\/media?parent=158514"}],"wp:term":[{"taxonomy":"category","embeddable":true,"href":"https:\/\/www.europesays.com\/pt\/wp-json\/wp\/v2\/categories?post=158514"},{"taxonomy":"post_tag","embeddable":true,"href":"https:\/\/www.europesays.com\/pt\/wp-json\/wp\/v2\/tags?post=158514"}],"curies":[{"name":"wp","href":"https:\/\/api.w.org\/{rel}","templated":true}]}}