{"id":158516,"date":"2025-11-20T06:59:13","date_gmt":"2025-11-20T06:59:13","guid":{"rendered":"https:\/\/www.europesays.com\/pt\/158516\/"},"modified":"2025-11-20T06:59:13","modified_gmt":"2025-11-20T06:59:13","slug":"curacau-em-festa-e-o-pais-mais-pequeno-do-mundo-a-apurar-se-para-um-mundial-jornal-de-noticias","status":"publish","type":"post","link":"https:\/\/www.europesays.com\/pt\/158516\/","title":{"rendered":"Cura\u00e7au em festa: \u00e9 o pa\u00eds mais pequeno do Mundo a apurar-se para um Mundial &#8211; Jornal de Not\u00edcias"},"content":{"rendered":"<ol>\n<li><a href=\"https:\/\/news.google.com\/rss\/articles\/CBMiuwFBVV95cUxPY0V6MUlpYldQM3U1cTlYLWxSOXUteHBhaTFfZlNZbi1vX2U2Q19RXzZrUTVRZzV3OEhlZWw5enZDRVpDR215X0ZCRkRUWnhBcl9JbUNXY1dIc19MSng1a0F0OGxqZExSdGkzazVsVEdIZVJlSEJqeS0zMnlRajZoTWRad20zRlJoekdYSGZwaTFuRDlEYm85clNIZk4xRjVfUWc2a1BaUXZNaTh4WFpoZ2cxVkU0UGZOYWV30gGqAUFVX3lxTFBGMGlsX1B3RXlXR2VlNkc5czdDN2ZVa2Ricno0aUVucmNjTGV6ZXJyd1Vic08xVWMtbEExYnBqVVpOWnpzS3NOTGtzTm1fbHpGNHZCWUJ1QVlTdEVFdDc2Rk1UY3ItYW9ER3NGeXJ3V3RIZ2xqSVZ0Y01fVlJndHVDSUluY29YQTJ1SmFlRlpHWUd5MGp3Y2RITFVwSVMwcm1fTnktejhBV1dB?oc=5\" target=\"_blank\" rel=\"nofollow noopener\">Cura\u00e7au em festa: \u00e9 o pa\u00eds mais pequeno do Mundo a apurar-se para um Mundial<\/a>&nbsp;&nbsp;Jornal de Not\u00edcias<\/li>\n<li><a href=\"https:\/\/news.google.com\/rss\/articles\/CBMi7gFBVV95cUxQemhwS0ZxWE1kQlpaUkdHVUxPS2o2dTNxQmhFSTlBTno1eFhNZlo1Z3ZwZk9jZmhIV3ptSzRjWFVFMVRJelFEQzBnWnpiNkV0dGRBWndKekF1eGxXbW5sbTZ6OVFnNzNkaU84MW4tMkRvZXgwckF0cTZQZUQzVm11YzhuOXRrRzhSY3hDaHRzbFJWb1FRYmlJb1A5OC0wWWV2OVNKSzVTM3Y4TTZBOWd0NGQ0Tl9vRVNEbjJDOERSUlg5NG5Ucnl4WlNlb1JCclBSUnBlOF96N3JQN0ZyNG1JUk5lc3dYbmpsWmE1ZzVn0gH8AUFVX3lxTFBteDE2RTMtMDBjTWdJTkVmd3pWMmhRN0gwS1VONC1WdjM1UGxoTGl5ZUlrUlRHVFdjTkFaTGZ6MjBEc3lMTHJXQWFsQThuVlVpTW5tcmw2bHRobk5uaklUajYzQy1BX0NTMFNLNjhnU2N3RTBzcWRyekh3dUs3TWZhQVJmX3habjB0QjhPbFFncXBrLVg3NVRuMjZPTWRscGhoQzllV01mczVTLUVCRnBucEUxMkVDMUFPMWFyVUJCNEY0b2VBZjNFSjk0TzYzdUN1SmFGeTNXb0dRanhJT240cnpOSXAxVm5pdFNyLVZMazltZHpneVJuaG9icw?oc=5\" target=\"_blank\" rel=\"nofollow noopener\">Panam\u00e1, Haiti e estreante Cura\u00e7ao se classificam para a Copa de 2026 pela Concacaf<\/a>&nbsp;&nbsp;ge<\/li>\n<li><a href=\"https:\/\/news.google.com\/rss\/articles\/CBMivAFBVV95cUxPa0ZTdTZ5cjBOQUN6TENNMnZ3Sm9uVEZvVXlGd2toQ0g3TGs4cHBlcjJRUWtqUkRvRGNWWEZseG80R29qUUdMRmhsSlFRWUNqVkwzRmFlSXQyc0YxOEZ2cU0wSEZQSmlZQmtFODYxcDAtM1hvU25nYWhIT3lpQ1lVUmtuaEtvVlpocVlwVk5aYnZBZXl5aXpWbmJvc2pWX0hGcDdka0xXRXpucGt6LUlfMHROcUIxYncwaUhsOQ?oc=5\" target=\"_blank\" rel=\"nofollow noopener\">Conhe\u00e7a o est\u00e1dio que fez hist\u00f3ria e &#8220;classificou&#8221; duas sele\u00e7\u00f5es para a Copa do Mundo<\/a>&nbsp;&nbsp;NSC Total<\/li>\n<li><a href=\"https:\/\/news.google.com\/rss\/articles\/CBMiygFBVV95cUxOMy1jUFFyZ052WEpoQlY5amJ5WUcySzJOanFxcVNfc1RrZy1vTGU0OFFvY09Tb3AyWWoxYmVWSGxIN1RvLThwb3RGQTRxelYzMWxObUVSYnI3NjdSZ21WWWZhaWIxWl9Kek83SWJ5SkdIX2JZLVVMTE1uNFVteWlDb3FIbkdpSXZSVzBHZnFDeUZkOWk0Z1pPT2J5ZWNOSGNTTXRCT3g3VEp6X1gzcGV0a2dGc3hHUUFtem5hWDgtdFV4UVVGV09TODln?oc=5\" target=\"_blank\" rel=\"nofollow noopener\">Um pa\u00eds que &#8216;cabe&#8217; em Pirituba e outro em que 4,7 milh\u00f5es vivem com menos de R$ 16 por dia: os milagres da Copa-26<\/a>&nbsp;&nbsp;ESPN Brasil<\/li>\n<li><a href=\"https:\/\/news.google.com\/rss\/articles\/CBMi0wFBVV95cUxPdHo2cjMtTW9CRF8wTFpsNWl6SnFpU3d3S041X0tNZEVLZC1pS1JvMXFtMkdoTnBMSkVZZkxQTHJyOER0M1RWVFNBek16RkdSZjltSGM1UkI1ek9tRW1rd3dab3kwUm9vZUpXeUZvNnJCMXlvMmRIdmF0Z2d4LU5ENGp4cC02N1pFeHhLbWZjY050dFpudXNoOW9QNHdpVDU4T0lXWGRoMnk2UG5paXRwcDd5NHVpT3JEbGw0dGtlTlBoSHMwUDNZdDBqRzcwSUlJWGZJ0gHYAUFVX3lxTE93T3NPZGJiQ19sSS1BS2dOWlFCY0xnN2RiVDhIV2xEUDdERmJTSUxQMTItVmhjeXdnYTNKOTViZnppTjVuQXo0d1NmSldSR1NmdFhUcmplSmxiRkRqeFkxaTEwLUo2VHVNZmpkV09yWGVCc2c2UzNWVlBLRGhKczRDZlBMYVlDX2ZndmFHOGR2M0VpUmFqelRRYXpFcVk4TE5WYy1Qc1hLUWpEak5iOTdTcTJJalBxcE1VRzUydnhXcW1HcktBVnBjWFNOMThTUHZwT1VTZjVabA?oc=5\" target=\"_blank\" rel=\"nofollow noopener\">Hist\u00f3rico! Pa\u00eds com 156 mil habitantes garante vaga na Copa do Mundo 2026<\/a>&nbsp;&nbsp;tntsports.com.br<\/li>\n<\/ol>\n","protected":false},"excerpt":{"rendered":"Cura\u00e7au em festa: \u00e9 o pa\u00eds mais pequeno do Mundo a apurar-se para um Mundial&nbsp;&nbsp;Jornal de Not\u00edcias Panam\u00e1,&hellip;\n","protected":false},"author":2,"featured_media":158517,"comment_status":"","ping_status":"","sticky":false,"template":"","format":"standard","meta":{"footnotes":""},"categories":[87],"tags":[33853,135,524,12632,33856,32,33,18863,134],"class_list":{"0":"post-158516","1":"post","2":"type-post","3":"status-publish","4":"format-standard","5":"has-post-thumbnail","7":"category-desporto","8":"tag-curacau","9":"tag-desporto","10":"tag-futebol","11":"tag-mundial-2026","12":"tag-mundial-de-futebol","13":"tag-portugal","14":"tag-pt","15":"tag-qualificacao","16":"tag-sports"},"share_on_mastodon":{"url":"https:\/\/pubeurope.com\/@pt\/115580735573416868","error":""},"_links":{"self":[{"href":"https:\/\/www.europesays.com\/pt\/wp-json\/wp\/v2\/posts\/158516","targetHints":{"allow":["GET"]}}],"collection":[{"href":"https:\/\/www.europesays.com\/pt\/wp-json\/wp\/v2\/posts"}],"about":[{"href":"https:\/\/www.europesays.com\/pt\/wp-json\/wp\/v2\/types\/post"}],"author":[{"embeddable":true,"href":"https:\/\/www.europesays.com\/pt\/wp-json\/wp\/v2\/users\/2"}],"replies":[{"embeddable":true,"href":"https:\/\/www.europesays.com\/pt\/wp-json\/wp\/v2\/comments?post=158516"}],"version-history":[{"count":0,"href":"https:\/\/www.europesays.com\/pt\/wp-json\/wp\/v2\/posts\/158516\/revisions"}],"wp:featuredmedia":[{"embeddable":true,"href":"https:\/\/www.europesays.com\/pt\/wp-json\/wp\/v2\/media\/158517"}],"wp:attachment":[{"href":"https:\/\/www.europesays.com\/pt\/wp-json\/wp\/v2\/media?parent=158516"}],"wp:term":[{"taxonomy":"category","embeddable":true,"href":"https:\/\/www.europesays.com\/pt\/wp-json\/wp\/v2\/categories?post=158516"},{"taxonomy":"post_tag","embeddable":true,"href":"https:\/\/www.europesays.com\/pt\/wp-json\/wp\/v2\/tags?post=158516"}],"curies":[{"name":"wp","href":"https:\/\/api.w.org\/{rel}","templated":true}]}}