{"id":158531,"date":"2025-11-20T07:24:32","date_gmt":"2025-11-20T07:24:32","guid":{"rendered":"https:\/\/www.europesays.com\/pt\/158531\/"},"modified":"2025-11-20T07:24:32","modified_gmt":"2025-11-20T07:24:32","slug":"revoltada-marisa-fala-mal-de-pedro-jorge-a-bruno-e-ines-secret-story","status":"publish","type":"post","link":"https:\/\/www.europesays.com\/pt\/158531\/","title":{"rendered":"Revoltada, Marisa fala mal de Pedro Jorge a Bruno e In\u00eas &#8211; Secret Story"},"content":{"rendered":"<p>No <strong>Secret Story 9<\/strong>, Marisa perdeu completamente a cabe\u00e7a com Pedro Jorge ao descobrir que ele escolheu Liliana para subl\u00edder, apesar de ela pr\u00f3pria n\u00e3o se ter candidatado a l\u00edder por considera\u00e7\u00e3o ao marido. Sentindo-se desvalorizada, acusou Pedro Jorge de ingratid\u00e3o, ao que ele respondeu chamando-a de \u00abpiada\u00bb, \u00abhip\u00f3crita\u00bb e acusando-a de falsidade, al\u00e9m de afirmar que ela joga contra ele. A discuss\u00e3o terminou com Marisa a cham\u00e1-lo de ingrato. Mais tarde, j\u00e1 no alpendre, Marisa desabafou com Bruno e In\u00eas, lamentando que Pedro Jorge e Liliana estivessem \u00abj\u00e1 amiguinhos outra vez\u00bb, enquanto tentava recompor-se da discuss\u00e3o.<\/p>\n<p><strong>VOTE PARA SALVAR:<\/strong><\/p>\n<p><strong>ANA \u2013 761 20 20 01<br \/>F\u00c1BIO \u2013 761 20 20 08<br \/>IN\u00caS \u2013 761 20 20 10<br \/>LILIANA \u2013 761 20 20 14<br \/>MARISA SUSANA &#8211; 761 20 20 17<\/strong><\/p>\n<p><strong><a href=\"https:\/\/tvi.iol.pt\/secretstory\/aominuto\" rel=\"nofollow noopener\" target=\"_blank\">Acompanhe ao minuto tudo o que se passa na casa mais vigiada do Pa\u00eds!<\/a><\/strong><\/p>\n","protected":false},"excerpt":{"rendered":"No Secret Story 9, Marisa perdeu completamente a cabe\u00e7a com Pedro Jorge ao descobrir que ele escolheu Liliana&hellip;\n","protected":false},"author":2,"featured_media":158532,"comment_status":"","ping_status":"","sticky":false,"template":"","format":"standard","meta":{"footnotes":""},"categories":[142],"tags":[3768,114,115,19033,15353,19184,19034,21416,32,33,151,19032],"class_list":{"0":"post-158531","1":"post","2":"type-post","3":"status-publish","4":"format-standard","5":"has-post-thumbnail","7":"category-tv","8":"tag-bruno","9":"tag-entertainment","10":"tag-entretenimento","11":"tag-galas-em-video","12":"tag-ines","13":"tag-marisa","14":"tag-melhores-momentos-casa-dos-segredos","15":"tag-pedro-jorge","16":"tag-portugal","17":"tag-pt","18":"tag-tv","19":"tag-videos-secret-story-tvi"},"share_on_mastodon":{"url":"https:\/\/pubeurope.com\/@pt\/115580833850908920","error":""},"_links":{"self":[{"href":"https:\/\/www.europesays.com\/pt\/wp-json\/wp\/v2\/posts\/158531","targetHints":{"allow":["GET"]}}],"collection":[{"href":"https:\/\/www.europesays.com\/pt\/wp-json\/wp\/v2\/posts"}],"about":[{"href":"https:\/\/www.europesays.com\/pt\/wp-json\/wp\/v2\/types\/post"}],"author":[{"embeddable":true,"href":"https:\/\/www.europesays.com\/pt\/wp-json\/wp\/v2\/users\/2"}],"replies":[{"embeddable":true,"href":"https:\/\/www.europesays.com\/pt\/wp-json\/wp\/v2\/comments?post=158531"}],"version-history":[{"count":0,"href":"https:\/\/www.europesays.com\/pt\/wp-json\/wp\/v2\/posts\/158531\/revisions"}],"wp:featuredmedia":[{"embeddable":true,"href":"https:\/\/www.europesays.com\/pt\/wp-json\/wp\/v2\/media\/158532"}],"wp:attachment":[{"href":"https:\/\/www.europesays.com\/pt\/wp-json\/wp\/v2\/media?parent=158531"}],"wp:term":[{"taxonomy":"category","embeddable":true,"href":"https:\/\/www.europesays.com\/pt\/wp-json\/wp\/v2\/categories?post=158531"},{"taxonomy":"post_tag","embeddable":true,"href":"https:\/\/www.europesays.com\/pt\/wp-json\/wp\/v2\/tags?post=158531"}],"curies":[{"name":"wp","href":"https:\/\/api.w.org\/{rel}","templated":true}]}}