{"id":158535,"date":"2025-11-20T07:34:09","date_gmt":"2025-11-20T07:34:09","guid":{"rendered":"https:\/\/www.europesays.com\/pt\/158535\/"},"modified":"2025-11-20T07:34:09","modified_gmt":"2025-11-20T07:34:09","slug":"trump-e-ronaldo-partilham-fotos-dos-bastidores-do-encontro-observador","status":"publish","type":"post","link":"https:\/\/www.europesays.com\/pt\/158535\/","title":{"rendered":"Trump e Ronaldo partilham fotos dos bastidores do encontro \u2013 Observador"},"content":{"rendered":"<p>Na legenda do v\u00eddeo, tanto Trump como Ronaldo s\u00e3o descritos como\u00a0\u201cTwo GOATS\u201d, ou \u201cos dois melhores de todos os tempos\u201d, em portugu\u00eas.<\/p>\n<p>J\u00e1 na tarde desta quarta-feira, tamb\u00e9m Cristiano Ronaldo se pronunciou publicamente sobre o encontro com Donald Trump. Numa publica\u00e7\u00e3o no Instagram, o capit\u00e3o da sele\u00e7\u00e3o nacional agradeceu o convite e a \u201ccalorosa rece\u00e7\u00e3o\u201d que o presidente norte-americano lhe proporcionou.<\/p>\n<p>\u201cObrigado, senhor Presidente, pelo seu convite e pela <strong>calorosa rece\u00e7\u00e3o que [o senhor Presidente] e a primeira-dama me proporcionaram a mim e \u00e0 minha futura mulher,<\/strong> @georginagio. Cada um de n\u00f3s tem algo com significado para dar e eu estou pronto para fazer a minha parte, enquanto inspiramos novas gera\u00e7\u00f5es a construirem um futuro marcado pela coragem, responsabilidade e paz duradoura\u201d, escreveu CR7. Nas fotos que acompanham o texto, pode ver-se Cristiano Ronaldo a apertar a m\u00e3o a Donald Trump na Sala Oval e Ronaldo e Giorgina atr\u00e1s da secret\u00e1ria de Trump a posar para uma foto com o presidente dos EUA. Nessa foto, o jogador portugu\u00eas segura a chave dourada da Casa Branca, oferecida pelo presidente norte-americano. Trata-se de um objeto criado por Donald Trump, no primeiro mandato, e que \u00e9 tradicionalmente entregue a convidados importantes que se desloquem at\u00e9 \u00e0 Sala Oval. Trump j\u00e1 ofereceu a mesma chave ao primeiro-ministro israelita, Benjamin Netanyahu, ou ao empres\u00e1rio Elon Musk.<\/p>\n","protected":false},"excerpt":{"rendered":"Na legenda do v\u00eddeo, tanto Trump como Ronaldo s\u00e3o descritos como\u00a0\u201cTwo GOATS\u201d, ou \u201cos dois melhores de todos&hellip;\n","protected":false},"author":2,"featured_media":158536,"comment_status":"","ping_status":"","sticky":false,"template":"","format":"standard","meta":{"footnotes":""},"categories":[8],"tags":[624,27,28,667,135,92,623,15,16,524,14,25,26,21,22,62,12,13,19,20,32,23,24,33,17,18,29,30,31],"class_list":{"0":"post-158535","1":"post","2":"type-post","3":"status-publish","4":"format-standard","5":"has-post-thumbnail","7":"category-principais-noticias","8":"tag-amu00e9rica","9":"tag-breaking-news","10":"tag-breakingnews","11":"tag-cristiano-ronaldo","12":"tag-desporto","13":"tag-donald-trump","14":"tag-estados-unidos-da-amu00e9rica","15":"tag-featured-news","16":"tag-featurednews","17":"tag-futebol","18":"tag-headlines","19":"tag-latest-news","20":"tag-latestnews","21":"tag-main-news","22":"tag-mainnews","23":"tag-mundo","24":"tag-news","25":"tag-noticias","26":"tag-noticias-principais","27":"tag-noticiasprincipais","28":"tag-portugal","29":"tag-principais-noticias","30":"tag-principaisnoticias","31":"tag-pt","32":"tag-top-stories","33":"tag-topstories","34":"tag-ultimas","35":"tag-ultimas-noticias","36":"tag-ultimasnoticias"},"share_on_mastodon":{"url":"https:\/\/pubeurope.com\/@pt\/115580873222230710","error":""},"_links":{"self":[{"href":"https:\/\/www.europesays.com\/pt\/wp-json\/wp\/v2\/posts\/158535","targetHints":{"allow":["GET"]}}],"collection":[{"href":"https:\/\/www.europesays.com\/pt\/wp-json\/wp\/v2\/posts"}],"about":[{"href":"https:\/\/www.europesays.com\/pt\/wp-json\/wp\/v2\/types\/post"}],"author":[{"embeddable":true,"href":"https:\/\/www.europesays.com\/pt\/wp-json\/wp\/v2\/users\/2"}],"replies":[{"embeddable":true,"href":"https:\/\/www.europesays.com\/pt\/wp-json\/wp\/v2\/comments?post=158535"}],"version-history":[{"count":0,"href":"https:\/\/www.europesays.com\/pt\/wp-json\/wp\/v2\/posts\/158535\/revisions"}],"wp:featuredmedia":[{"embeddable":true,"href":"https:\/\/www.europesays.com\/pt\/wp-json\/wp\/v2\/media\/158536"}],"wp:attachment":[{"href":"https:\/\/www.europesays.com\/pt\/wp-json\/wp\/v2\/media?parent=158535"}],"wp:term":[{"taxonomy":"category","embeddable":true,"href":"https:\/\/www.europesays.com\/pt\/wp-json\/wp\/v2\/categories?post=158535"},{"taxonomy":"post_tag","embeddable":true,"href":"https:\/\/www.europesays.com\/pt\/wp-json\/wp\/v2\/tags?post=158535"}],"curies":[{"name":"wp","href":"https:\/\/api.w.org\/{rel}","templated":true}]}}