{"id":158539,"date":"2025-11-20T07:39:16","date_gmt":"2025-11-20T07:39:16","guid":{"rendered":"https:\/\/www.europesays.com\/pt\/158539\/"},"modified":"2025-11-20T07:39:16","modified_gmt":"2025-11-20T07:39:16","slug":"penalizacao-pesada-concorrentes-tem-discussao-matinal-e-a-voz-castiga-todos-secret-story","status":"publish","type":"post","link":"https:\/\/www.europesays.com\/pt\/158539\/","title":{"rendered":"Penaliza\u00e7\u00e3o pesada! Concorrentes t\u00eam discuss\u00e3o matinal e a Voz castiga todos &#8211; Secret Story"},"content":{"rendered":"<p>No Secret Story 9, a manh\u00e3 come\u00e7a agitada. Os concorrentes tiveram de tomar uma decis\u00e3o dif\u00edcil: decidir que concorrente deve receber uma penaliza\u00e7\u00e3o, e devem chegar a um consenso. O momento gera discuss\u00e3o e v\u00e1rias trocas de acusa\u00e7\u00f5es e a Voz acaba por os castigar. #sstv<\/p>\n<p><strong>Esta semana, h\u00e1 cinco concorrentes em risco de expuls\u00e3o j\u00e1 no pr\u00f3ximo domingo.<\/strong><\/p>\n<p>VOTE PARA SALVAR:<\/p>\n<p>ANA \u2013 761 20 20 01<br \/>F\u00c1BIO \u2013 761 20 20 08<br \/>IN\u00caS \u2013 761 20 20 10<br \/>LILIANA \u2013 761 20 20 14<br \/>MARISA SUSANA &#8211; 761 20 20 17<\/p>\n<p><a href=\"https:\/\/tvi.iol.pt\/secretstory\/aominuto\" rel=\"nofollow noopener\" target=\"_blank\">Acompanhe ao minuto tudo o que se passa na casa mais vigiada do Pa\u00eds!<\/a><\/p>\n","protected":false},"excerpt":{"rendered":"No Secret Story 9, a manh\u00e3 come\u00e7a agitada. Os concorrentes tiveram de tomar uma decis\u00e3o dif\u00edcil: decidir que&hellip;\n","protected":false},"author":2,"featured_media":158540,"comment_status":"","ping_status":"","sticky":false,"template":"","format":"standard","meta":{"footnotes":""},"categories":[142],"tags":[19374,19373,114,115,19375,32,33,5916,151],"class_list":{"0":"post-158539","1":"post","2":"type-post","3":"status-publish","4":"format-standard","5":"has-post-thumbnail","7":"category-tv","8":"tag-confrontos-concorrentes","9":"tag-discussoes-secret-story","10":"tag-entertainment","11":"tag-entretenimento","12":"tag-polemicas","13":"tag-portugal","14":"tag-pt","15":"tag-sancao","16":"tag-tv"},"share_on_mastodon":{"url":"https:\/\/pubeurope.com\/@pt\/115580892805902587","error":""},"_links":{"self":[{"href":"https:\/\/www.europesays.com\/pt\/wp-json\/wp\/v2\/posts\/158539","targetHints":{"allow":["GET"]}}],"collection":[{"href":"https:\/\/www.europesays.com\/pt\/wp-json\/wp\/v2\/posts"}],"about":[{"href":"https:\/\/www.europesays.com\/pt\/wp-json\/wp\/v2\/types\/post"}],"author":[{"embeddable":true,"href":"https:\/\/www.europesays.com\/pt\/wp-json\/wp\/v2\/users\/2"}],"replies":[{"embeddable":true,"href":"https:\/\/www.europesays.com\/pt\/wp-json\/wp\/v2\/comments?post=158539"}],"version-history":[{"count":0,"href":"https:\/\/www.europesays.com\/pt\/wp-json\/wp\/v2\/posts\/158539\/revisions"}],"wp:featuredmedia":[{"embeddable":true,"href":"https:\/\/www.europesays.com\/pt\/wp-json\/wp\/v2\/media\/158540"}],"wp:attachment":[{"href":"https:\/\/www.europesays.com\/pt\/wp-json\/wp\/v2\/media?parent=158539"}],"wp:term":[{"taxonomy":"category","embeddable":true,"href":"https:\/\/www.europesays.com\/pt\/wp-json\/wp\/v2\/categories?post=158539"},{"taxonomy":"post_tag","embeddable":true,"href":"https:\/\/www.europesays.com\/pt\/wp-json\/wp\/v2\/tags?post=158539"}],"curies":[{"name":"wp","href":"https:\/\/api.w.org\/{rel}","templated":true}]}}