{"id":158541,"date":"2025-11-20T07:47:12","date_gmt":"2025-11-20T07:47:12","guid":{"rendered":"https:\/\/www.europesays.com\/pt\/158541\/"},"modified":"2025-11-20T07:47:12","modified_gmt":"2025-11-20T07:47:12","slug":"manuel-monteiro-revela-ter-sido-sondado-para-ser-candidato-com-o-apoio-do-chega","status":"publish","type":"post","link":"https:\/\/www.europesays.com\/pt\/158541\/","title":{"rendered":"Manuel Monteiro revela ter sido sondado para ser candidato com o apoio do Chega"},"content":{"rendered":"<p>O antigo presidente do CDS-PP Manuel Monteiro revelou hoje ter sido abordado &#8220;por pessoas do Chega&#8221; para ser candidato a Presidente da Rep\u00fablica apoiado pelo partido, mas n\u00e3o chegou a falar com Andr\u00e9 Ventura sobre o assunto.<\/p>\n<p>&#8220;Pelo Chega institucionalmente n\u00e3o, por pessoas do Chega fui&#8221;, afirmou o antigo l\u00edder do CDS-PP na SIC Not\u00edcias, indicando que n\u00e3o foi pelo l\u00edder do partido, Andr\u00e9 Ventura.<\/p>\n<p>Manuel Monteiro referiu que lhe perguntaram se &#8220;estaria dispon\u00edvel para ter uma conversa com Andr\u00e9 Ventura sobre as elei\u00e7\u00f5es presidenciais&#8221;, mas esse di\u00e1logo &#8220;n\u00e3o chegou a existir&#8221;.<\/p>\n<p>&#8220;Eu disse que sim, que n\u00e3o tinha qualquer problema em ter essa conversa, mas coloquei condi\u00e7\u00f5es. E expliquei, para que ningu\u00e9m fosse ao engano, que j\u00e1 n\u00e3o temos idade para essas coisas nem para ambiguidade, que se, um se muito remoto, pudesse existir a possibilidade de eu ser um candidato \u00e0 Presid\u00eancia da Rep\u00fablica, que eu nunca seria candidato pelo Chega&#8221;, referiu.<\/p>\n<p>O antigo l\u00edder centrista, que \u00e9 atualmente presidente do IDL &#8212; Instituto Amaro da Costa, afirmou que &#8220;poderia ser apoiado pelo Chega, mas nunca seria candidato pelo Chega&#8221;, uma vez que nem \u00e9 militante daquele partido.<\/p>\n<p>Manuel Monteiro referiu tamb\u00e9m que apoiaria Pedro Passos Coelho caso o antigo primeiro-ministro e l\u00edder do PSD se candidatasse nestas elei\u00e7\u00f5es presidenciais.<\/p>\n<p>&#8220;Eu creio que Passos Coelho teria sido um excelente candidato&#8221;, defendeu, considerando que \u00e9 &#8220;um homem com vis\u00e3o de pais&#8221; e que &#8220;n\u00e3o tem medo de dizer a verdade \u00e0s pessoas, mesmo que essa verdade aleije&#8221;.<\/p>\n<p>O l\u00edder do Chega, Andr\u00e9 Ventura, \u00e9 um dos candidatos \u00e0s elei\u00e7\u00f5es presidenciais do in\u00edcio do pr\u00f3ximo ano. Ventura admitiu que abordou com o partido a possibilidade de apoiar o almirante Gouveia e Melo, mas acabou por recuar nessa ideia e avan\u00e7ou ele mesmo com uma candidatura.<\/p>\n<p>As elei\u00e7\u00f5es presidenciais est\u00e3o marcadas para 18 de janeiro de 2026.  <\/p>\n<p>Esta \u00e9 a 12.\u00aa vez (incluindo as duas voltas das elei\u00e7\u00f5es de 1986) que os portugueses s\u00e3o chamados, desde 1976, a escolher o Presidente da Rep\u00fablica em democracia.<\/p>\n<p>\u00c0s elei\u00e7\u00f5es presidenciais anunciaram, entre outros, as suas candidaturas Ant\u00f3nio Filipe (com o apoio do PCP), Ant\u00f3nio Jos\u00e9 Seguro (apoiado pelo PS), Andr\u00e9 Ventura (apoiado pelo Chega), Catarina Martins (apoiada pelo BE), Henrique Gouveia e Melo, Jo\u00e3o Cotrim Figueiredo (apoiado pela Iniciativa Liberal), Jorge Pinto (apoiado pelo Livre) e Lu\u00eds Marques Mendes (com o apoio do PSD).<\/p>\n<p>Segundo o portal da candidatura, do Minist\u00e9rio da Administra\u00e7\u00e3o Interna, h\u00e1 mais 31 cidad\u00e3os que se encontram a recolher assinaturas para uma candidatura \u00e0 Presid\u00eancia.<\/p>\n","protected":false},"excerpt":{"rendered":"O antigo presidente do CDS-PP Manuel Monteiro revelou hoje ter sido abordado &#8220;por pessoas do Chega&#8221; para ser&hellip;\n","protected":false},"author":2,"featured_media":158542,"comment_status":"","ping_status":"","sticky":false,"template":"","format":"standard","meta":{"footnotes":""},"categories":[50],"tags":[27,28,15,16,14,25,26,21,22,62,12,13,19,20,23,24,17,18,29,30,31,63,64,65],"class_list":{"0":"post-158541","1":"post","2":"type-post","3":"status-publish","4":"format-standard","5":"has-post-thumbnail","7":"category-mundo","8":"tag-breaking-news","9":"tag-breakingnews","10":"tag-featured-news","11":"tag-featurednews","12":"tag-headlines","13":"tag-latest-news","14":"tag-latestnews","15":"tag-main-news","16":"tag-mainnews","17":"tag-mundo","18":"tag-news","19":"tag-noticias","20":"tag-noticias-principais","21":"tag-noticiasprincipais","22":"tag-principais-noticias","23":"tag-principaisnoticias","24":"tag-top-stories","25":"tag-topstories","26":"tag-ultimas","27":"tag-ultimas-noticias","28":"tag-ultimasnoticias","29":"tag-world","30":"tag-world-news","31":"tag-worldnews"},"share_on_mastodon":{"url":"https:\/\/pubeurope.com\/@pt\/115580924228614473","error":""},"_links":{"self":[{"href":"https:\/\/www.europesays.com\/pt\/wp-json\/wp\/v2\/posts\/158541","targetHints":{"allow":["GET"]}}],"collection":[{"href":"https:\/\/www.europesays.com\/pt\/wp-json\/wp\/v2\/posts"}],"about":[{"href":"https:\/\/www.europesays.com\/pt\/wp-json\/wp\/v2\/types\/post"}],"author":[{"embeddable":true,"href":"https:\/\/www.europesays.com\/pt\/wp-json\/wp\/v2\/users\/2"}],"replies":[{"embeddable":true,"href":"https:\/\/www.europesays.com\/pt\/wp-json\/wp\/v2\/comments?post=158541"}],"version-history":[{"count":0,"href":"https:\/\/www.europesays.com\/pt\/wp-json\/wp\/v2\/posts\/158541\/revisions"}],"wp:featuredmedia":[{"embeddable":true,"href":"https:\/\/www.europesays.com\/pt\/wp-json\/wp\/v2\/media\/158542"}],"wp:attachment":[{"href":"https:\/\/www.europesays.com\/pt\/wp-json\/wp\/v2\/media?parent=158541"}],"wp:term":[{"taxonomy":"category","embeddable":true,"href":"https:\/\/www.europesays.com\/pt\/wp-json\/wp\/v2\/categories?post=158541"},{"taxonomy":"post_tag","embeddable":true,"href":"https:\/\/www.europesays.com\/pt\/wp-json\/wp\/v2\/tags?post=158541"}],"curies":[{"name":"wp","href":"https:\/\/api.w.org\/{rel}","templated":true}]}}