{"id":158548,"date":"2025-11-20T08:04:11","date_gmt":"2025-11-20T08:04:11","guid":{"rendered":"https:\/\/www.europesays.com\/pt\/158548\/"},"modified":"2025-11-20T08:04:11","modified_gmt":"2025-11-20T08:04:11","slug":"parassocial-e-eleita-palavra-do-ano-do-dicionario-de-cambridge-mundo","status":"publish","type":"post","link":"https:\/\/www.europesays.com\/pt\/158548\/","title":{"rendered":"&#8216;Parassocial&#8217; \u00e9 eleita palavra do ano do Dicion\u00e1rio de Cambridge &#8211; Mundo"},"content":{"rendered":"<p>O<strong>\u00a0Dicion\u00e1rio de Cambridge elegeu\u00a0&#8220;parassocial&#8221; como a palavra do ano <\/strong>de 2025. Esse termo \u00e9\u00a0definido\u00a0como &#8220;uma rela\u00e7\u00e3o que algu\u00e9m experimenta com uma pessoa famosa que n\u00e3o conhece, um personagem de livro, filme ou s\u00e9rie de TV, etc., ou uma intelig\u00eancia artificial&#8221;.<\/p>\n<p>Assim, se voc\u00ea sente que a felicidade com a Taylor Swift \u00e9 sua, mesmo sem nunca ter visto a cantora, ou conversa com o ChatGPT como confidente, voc\u00ea possivelmente vive uma rela\u00e7\u00e3o &#8220;parassocial&#8221;.<\/p>\n<p>Em 1956, o termo passou a ser analisado quando os\u00a0soci\u00f3logos da Universidade de Chicago Donald Horton e Richard Wohl observaram que os<strong> telespectadores desenvolviam rela\u00e7\u00f5es parassociais com personalidades da TV<\/strong>, que eram vistas da mesma forma que amigos ou familiares.<\/p>\n<p>&#8220;A palavra parassocial reflete o ambiente de 2025. O que antes era um termo acad\u00eamico entrou na linguagem corrente&#8221;, afirmou Colin McIntosh, do Dicion\u00e1rio de Cambridge. Em agosto, ap\u00f3s o <a href=\"https:\/\/diariodonordeste.verdesmares.com.br\/entretenimento\/zoeira\/taylor-swift-e-travis-kelce-anunciam-noivado-veja-fotos-1.3684259\" rel=\"nofollow noopener\" target=\"_blank\"><strong>an\u00fancio do casamento de Taylor Swift e Travis Kelce<\/strong><\/a>, o termo registrou &#8220;altos n\u00edveis de busca&#8221;.<\/p>\n<p>\t\t\t\tVeja tamb\u00e9m<\/p>\n<p>Novas palavras adicionadas<\/p>\n<p>No total, cerca de 6 mil palavras\u00a0foram adicionadas ao Dicion\u00e1rio Cambridge eletr\u00f4nico\u00a0em 2025. Dentre elas, est\u00e3o:\u00a0&#8220;tradwife&#8221; (esposa tradicional) e\u00a0&#8220;slop&#8221;, que significa conte\u00fado de m\u00e1 qualidade gerado por intelig\u00eancia artificial.<\/p>\n<p>O Dicion\u00e1rio \u00e9 gratuito e afirma ter <strong>cerca de 350 milh\u00f5es de usu\u00e1rios <\/strong>e mais de 1,5 bilh\u00e3o de p\u00e1ginas acessadas anualmente.<\/p>\n","protected":false},"excerpt":{"rendered":"O\u00a0Dicion\u00e1rio de Cambridge elegeu\u00a0&#8220;parassocial&#8221; como a palavra do ano de 2025. Esse termo \u00e9\u00a0definido\u00a0como &#8220;uma rela\u00e7\u00e3o que algu\u00e9m&hellip;\n","protected":false},"author":2,"featured_media":158549,"comment_status":"","ping_status":"","sticky":false,"template":"","format":"standard","meta":{"footnotes":""},"categories":[145],"tags":[1932,211,210,114,115,32,33,1180,7521],"class_list":{"0":"post-158548","1":"post","2":"type-post","3":"status-publish","4":"format-standard","5":"has-post-thumbnail","7":"category-celebridades","8":"tag-afp","9":"tag-celebridades","10":"tag-celebrities","11":"tag-entertainment","12":"tag-entretenimento","13":"tag-portugal","14":"tag-pt","15":"tag-redacao","16":"tag-sociedade-e-saude"},"share_on_mastodon":{"url":"https:\/\/pubeurope.com\/@pt\/115580991176221161","error":""},"_links":{"self":[{"href":"https:\/\/www.europesays.com\/pt\/wp-json\/wp\/v2\/posts\/158548","targetHints":{"allow":["GET"]}}],"collection":[{"href":"https:\/\/www.europesays.com\/pt\/wp-json\/wp\/v2\/posts"}],"about":[{"href":"https:\/\/www.europesays.com\/pt\/wp-json\/wp\/v2\/types\/post"}],"author":[{"embeddable":true,"href":"https:\/\/www.europesays.com\/pt\/wp-json\/wp\/v2\/users\/2"}],"replies":[{"embeddable":true,"href":"https:\/\/www.europesays.com\/pt\/wp-json\/wp\/v2\/comments?post=158548"}],"version-history":[{"count":0,"href":"https:\/\/www.europesays.com\/pt\/wp-json\/wp\/v2\/posts\/158548\/revisions"}],"wp:featuredmedia":[{"embeddable":true,"href":"https:\/\/www.europesays.com\/pt\/wp-json\/wp\/v2\/media\/158549"}],"wp:attachment":[{"href":"https:\/\/www.europesays.com\/pt\/wp-json\/wp\/v2\/media?parent=158548"}],"wp:term":[{"taxonomy":"category","embeddable":true,"href":"https:\/\/www.europesays.com\/pt\/wp-json\/wp\/v2\/categories?post=158548"},{"taxonomy":"post_tag","embeddable":true,"href":"https:\/\/www.europesays.com\/pt\/wp-json\/wp\/v2\/tags?post=158548"}],"curies":[{"name":"wp","href":"https:\/\/api.w.org\/{rel}","templated":true}]}}