{"id":158550,"date":"2025-11-20T08:07:15","date_gmt":"2025-11-20T08:07:15","guid":{"rendered":"https:\/\/www.europesays.com\/pt\/158550\/"},"modified":"2025-11-20T08:07:15","modified_gmt":"2025-11-20T08:07:15","slug":"novo-programa-de-manuel-luis-goucha-ja-tem-data-de-estreia","status":"publish","type":"post","link":"https:\/\/www.europesays.com\/pt\/158550\/","title":{"rendered":"Novo programa de Manuel Lu\u00eds Goucha j\u00e1 tem data de estreia!"},"content":{"rendered":"<p><a href=\"https:\/\/selfie.iol.pt\/famosos\/funtastico\/manel-voce-esta-bem-em-direto-manuel-luis-goucha-sofre-grande-susto\/20251026\/68fe8962d34e58bc679754d8\" target=\"_blank\" rel=\"nofollow noopener\">Manuel Lu\u00eds Goucha<\/a> tem um novo desafio na TVI: a condu\u00e7\u00e3o do programa\u00a0&#8220;Intui\u00e7\u00e3o &#8211; O instinto \u00e0 prova&#8221;.<\/p>\n<p>As grava\u00e7\u00f5es j\u00e1 arrancaram, conforme o apresentador mostrou aos seguidores do Instagram: &#8220;Brindado com flores logo no in\u00edcio de um novo projeto televisivo. Gentileza da produ\u00e7\u00e3o da Plural. E que divertido foi este primeiro dia de grava\u00e7\u00e3o. &#8216;Intui\u00e7\u00e3o &#8211; O instinto \u00e0 prova&#8217; \u00e9 o novo concurso da TVI e est\u00e1 para breve. Vou dando novidades.<\/p>\n<p>Agora, foi revelada a data de estreia do novo programa de\u00a0<a href=\"https:\/\/selfie.iol.pt\/famosos\/manuel-luis-goucha\/indignado-manuel-luis-goucha-nao-cala-a-revolta-querem-de-volta-a-censura\/20251103\/69088a74d34e2bd5c6d38d5c\" target=\"_blank\" rel=\"nofollow noopener\">Manuel Lu\u00eds Goucha<\/a>:\u00a0dia 1 de dezembro.<\/p>\n<p>Conforme descreve a TVI, neste novo formato &#8220;tudo depende do instinto&#8221;, com &#8220;momentos de humor, emo\u00e7\u00e3o e surpresa, explorando a capacidade de perceber o outro \u00e0 primeira vista&#8221;.<\/p>\n<p>&#8220;Em cada epis\u00f3dio, dois concorrentes s\u00e3o desafiados a responder a dez perguntas sobre uma pessoa que acabaram de conhecer. Sem tempo para pensar e sem qualquer pista, t\u00eam de confiar apenas na sua intui\u00e7\u00e3o.&#8221;<\/p>\n<p>&#8220;Gravado em espa\u00e7os de quotidiano &#8211; da rua a centros comerciais -, o programa combina humor, emo\u00e7\u00e3o e espontaneidade, revelando o quanto conseguimos perceber sobre os outros \u00e0 primeira vista. Divertido, imprevis\u00edvel e cheio de surpresas, &#8216;Intui\u00e7\u00e3o&#8217; prova que, \u00e0s vezes, o cora\u00e7\u00e3o acerta mais do que a raz\u00e3o&#8221;, refere ainda a <a href=\"https:\/\/tvi.iol.pt\/\" target=\"_blank\" rel=\"nofollow noopener\">TVI<\/a>.<\/p>\n<blockquote class=\"instagram-media\" data-instgrm-captioned=\"\" data-instgrm-permalink=\"https:\/\/www.instagram.com\/p\/DQ7TUDZDCxZ\/?utm_source=ig_embed&amp;utm_campaign=loading\" data-instgrm-version=\"14\" style=\" background:#FFF; border:0; border-radius:3px; box-shadow:0 0 1px 0 rgba(0,0,0,0.5),0 1px 10px 0 rgba(0,0,0,0.15); margin: 1px; max-width:540px; min-width:326px; padding:0; width:99.375%; width:-webkit-calc(100% - 2px); width:calc(100% - 2px);\">\n<\/blockquote>\n<p>                        <script async src=\"\/\/www.instagram.com\/embed.js\"><\/script><\/p>\n","protected":false},"excerpt":{"rendered":"Manuel Lu\u00eds Goucha tem um novo desafio na TVI: a condu\u00e7\u00e3o do programa\u00a0&#8220;Intui\u00e7\u00e3o &#8211; O instinto \u00e0 prova&#8221;.&hellip;\n","protected":false},"author":2,"featured_media":158551,"comment_status":"","ping_status":"","sticky":false,"template":"","format":"standard","meta":{"footnotes":""},"categories":[142],"tags":[114,115,980,32964,3416,619,32,33,1012,151,162],"class_list":{"0":"post-158550","1":"post","2":"type-post","3":"status-publish","4":"format-standard","5":"has-post-thumbnail","7":"category-tv","8":"tag-entertainment","9":"tag-entretenimento","10":"tag-famosos","11":"tag-intuicao","12":"tag-manuel-luis-goucha","13":"tag-nacional","14":"tag-portugal","15":"tag-pt","16":"tag-selfie","17":"tag-tv","18":"tag-tvi"},"share_on_mastodon":{"url":"https:\/\/pubeurope.com\/@pt\/115581002877905814","error":""},"_links":{"self":[{"href":"https:\/\/www.europesays.com\/pt\/wp-json\/wp\/v2\/posts\/158550","targetHints":{"allow":["GET"]}}],"collection":[{"href":"https:\/\/www.europesays.com\/pt\/wp-json\/wp\/v2\/posts"}],"about":[{"href":"https:\/\/www.europesays.com\/pt\/wp-json\/wp\/v2\/types\/post"}],"author":[{"embeddable":true,"href":"https:\/\/www.europesays.com\/pt\/wp-json\/wp\/v2\/users\/2"}],"replies":[{"embeddable":true,"href":"https:\/\/www.europesays.com\/pt\/wp-json\/wp\/v2\/comments?post=158550"}],"version-history":[{"count":0,"href":"https:\/\/www.europesays.com\/pt\/wp-json\/wp\/v2\/posts\/158550\/revisions"}],"wp:featuredmedia":[{"embeddable":true,"href":"https:\/\/www.europesays.com\/pt\/wp-json\/wp\/v2\/media\/158551"}],"wp:attachment":[{"href":"https:\/\/www.europesays.com\/pt\/wp-json\/wp\/v2\/media?parent=158550"}],"wp:term":[{"taxonomy":"category","embeddable":true,"href":"https:\/\/www.europesays.com\/pt\/wp-json\/wp\/v2\/categories?post=158550"},{"taxonomy":"post_tag","embeddable":true,"href":"https:\/\/www.europesays.com\/pt\/wp-json\/wp\/v2\/tags?post=158550"}],"curies":[{"name":"wp","href":"https:\/\/api.w.org\/{rel}","templated":true}]}}