{"id":158560,"date":"2025-11-20T08:44:29","date_gmt":"2025-11-20T08:44:29","guid":{"rendered":"https:\/\/www.europesays.com\/pt\/158560\/"},"modified":"2025-11-20T08:44:29","modified_gmt":"2025-11-20T08:44:29","slug":"centro-colombo-em-lisboa-garante-seguranca-de-toda-a-estrutura-apos-denuncias-de-problemas","status":"publish","type":"post","link":"https:\/\/www.europesays.com\/pt\/158560\/","title":{"rendered":"Centro Colombo em Lisboa garante seguran\u00e7a de toda a estrutura ap\u00f3s den\u00fancias de problemas"},"content":{"rendered":"\n<p><strong>\u201cAo mesmo tempo, est\u00e3o a ser instalados revestimentos opacos que podem ocultar sinais cr\u00edticos de fissura\u00e7\u00e3o ou fragilidade. Sendo o Colombo um dos espa\u00e7os de maior aflu\u00eancia da cidade, a situa\u00e7\u00e3o levanta s\u00e9rias quest\u00f5es de seguran\u00e7a p\u00fablica\u201d<\/strong>, alertaram os Vizinhos em Lisboa.<\/p>\n<p>Em resposta \u00e0 ag\u00eancia Lusa, a dire\u00e7\u00e3o do Centro Colombo referiu que \u201co pilar cuja imagem tem circulado nas \u00faltimas horas est\u00e1 em perfeitas condi\u00e7\u00f5es de seguran\u00e7a, n\u00e3o representando qualquer risco para a utiliza\u00e7\u00e3o do edif\u00edcio\u201d.<\/p>\n<p><strong>\u201cN\u00e3o existe qualquer fratura, fissura ou dano no bet\u00e3o. O efeito vis\u00edvel nas fotografias e v\u00eddeos resulta de um desalinhamento no revestimento do pilar, n\u00e3o estando em causa a fun\u00e7\u00e3o estrutural do mesmo\u201d<\/strong>, acrescentou, refor\u00e7ando que a solidez estrutural do pilar em quest\u00e3o sempre foi garantida pelos t\u00e9cnicos do centro comercial.<\/p>\n<p>De forma proativa, a dire\u00e7\u00e3o do Centro Colombo solicitou pareceres independentes junto de entidades especializadas em estruturas, destacando <strong>\u201ca avalia\u00e7\u00e3o do LNEC \u2013 Laborat\u00f3rio Nacional de Engenharia Civil, que confirma que n\u00e3o se constatam fissuras ou desagrega\u00e7\u00e3o do bet\u00e3o do pilar ou da laje, pelo que n\u00e3o existe qualquer rotura mec\u00e2nica do pilar, nem risco de destacamento e queda de materiais\u201d<\/strong>.<\/p>\n<p><strong>\u201cConclui, assim, que n\u00e3o h\u00e1 nenhum perigo para a circula\u00e7\u00e3o de pessoas e bens<\/strong>\u201d, adiantou a administra\u00e7\u00e3o do centro comercial.<\/p>\n<p>No mesmo sentido, o Centro Colombo pediu uma avalia\u00e7\u00e3o por parte do gabinete de Engenharia Ad\u00e3o da Fonseca &#8211; Engenheiros Consultores, Lda., que tamb\u00e9m <strong>\u201cconfirma a plena estabilidade funcional da estrutura, sublinhando, mais uma vez, que n\u00e3o existe qualquer risco para pessoas e bens\u201d<\/strong>.<\/p>\n<p>Neste momento, o Centro Colombo est\u00e1 a realizar uma obra de remodela\u00e7\u00e3o do centro comercial, com o objetivo exclusivo de inovar o seu espa\u00e7o para melhorar a experi\u00eancia dos visitantes, sendo que <strong>\u201cesta interven\u00e7\u00e3o n\u00e3o est\u00e1 relacionada com a estrutura do edif\u00edcio e em nada a impacta\u201d<\/strong>.<\/p>\n<p>Neste \u00e2mbito, a dire\u00e7\u00e3o do Colombo reiterou que a opera\u00e7\u00e3o normal do centro comercial est\u00e1 garantida <strong>\u201cem totais condi\u00e7\u00f5es de seguran\u00e7a, n\u00e3o existindo qualquer risco para visitantes ou trabalhadores\u201d<\/strong>.<\/p>\n","protected":false},"excerpt":{"rendered":"\u201cAo mesmo tempo, est\u00e3o a ser instalados revestimentos opacos que podem ocultar sinais cr\u00edticos de fissura\u00e7\u00e3o ou fragilidade.&hellip;\n","protected":false},"author":2,"featured_media":158561,"comment_status":"","ping_status":"","sticky":false,"template":"","format":"standard","meta":{"footnotes":""},"categories":[10],"tags":[27,28,33859,15,16,14,25,26,797,21,22,12,13,19,20,32,23,24,33,17,18,29,30,31],"class_list":{"0":"post-158560","1":"post","2":"type-post","3":"status-publish","4":"format-standard","5":"has-post-thumbnail","7":"category-portugal","8":"tag-breaking-news","9":"tag-breakingnews","10":"tag-centro-comercial-colombo","11":"tag-featured-news","12":"tag-featurednews","13":"tag-headlines","14":"tag-latest-news","15":"tag-latestnews","16":"tag-lisboa","17":"tag-main-news","18":"tag-mainnews","19":"tag-news","20":"tag-noticias","21":"tag-noticias-principais","22":"tag-noticiasprincipais","23":"tag-portugal","24":"tag-principais-noticias","25":"tag-principaisnoticias","26":"tag-pt","27":"tag-top-stories","28":"tag-topstories","29":"tag-ultimas","30":"tag-ultimas-noticias","31":"tag-ultimasnoticias"},"share_on_mastodon":{"url":"https:\/\/pubeurope.com\/@pt\/115581148605752135","error":""},"_links":{"self":[{"href":"https:\/\/www.europesays.com\/pt\/wp-json\/wp\/v2\/posts\/158560","targetHints":{"allow":["GET"]}}],"collection":[{"href":"https:\/\/www.europesays.com\/pt\/wp-json\/wp\/v2\/posts"}],"about":[{"href":"https:\/\/www.europesays.com\/pt\/wp-json\/wp\/v2\/types\/post"}],"author":[{"embeddable":true,"href":"https:\/\/www.europesays.com\/pt\/wp-json\/wp\/v2\/users\/2"}],"replies":[{"embeddable":true,"href":"https:\/\/www.europesays.com\/pt\/wp-json\/wp\/v2\/comments?post=158560"}],"version-history":[{"count":0,"href":"https:\/\/www.europesays.com\/pt\/wp-json\/wp\/v2\/posts\/158560\/revisions"}],"wp:featuredmedia":[{"embeddable":true,"href":"https:\/\/www.europesays.com\/pt\/wp-json\/wp\/v2\/media\/158561"}],"wp:attachment":[{"href":"https:\/\/www.europesays.com\/pt\/wp-json\/wp\/v2\/media?parent=158560"}],"wp:term":[{"taxonomy":"category","embeddable":true,"href":"https:\/\/www.europesays.com\/pt\/wp-json\/wp\/v2\/categories?post=158560"},{"taxonomy":"post_tag","embeddable":true,"href":"https:\/\/www.europesays.com\/pt\/wp-json\/wp\/v2\/tags?post=158560"}],"curies":[{"name":"wp","href":"https:\/\/api.w.org\/{rel}","templated":true}]}}