{"id":158566,"date":"2025-11-20T08:50:10","date_gmt":"2025-11-20T08:50:10","guid":{"rendered":"https:\/\/www.europesays.com\/pt\/158566\/"},"modified":"2025-11-20T08:50:10","modified_gmt":"2025-11-20T08:50:10","slug":"feriado-da-consciencia-negra-deve-ter-calor-de-27c-em-sp-20-11-2025-cotidiano","status":"publish","type":"post","link":"https:\/\/www.europesays.com\/pt\/158566\/","title":{"rendered":"Feriado da Consci\u00eancia Negra deve ter calor de 27\u00b0C em SP &#8211; 20\/11\/2025 &#8211; Cotidiano"},"content":{"rendered":"<p>O feriado do <a href=\"https:\/\/www1.folha.uol.com.br\/folha-topicos\/dia-da-consciencia-negra\/\" rel=\"nofollow noopener\" target=\"_blank\">Dia da Consci\u00eancia Negra<\/a>, nesta quinta-feira (20), deve ser um bom dia para os paulistanos aproveitarem os parques e \u00e1reas livres da cidade, uma vez que a <a href=\"https:\/\/www1.folha.uol.com.br\/folha-topicos\/previsao-do-tempo\/\" rel=\"nofollow noopener\" target=\"_blank\">previs\u00e3o do tempo<\/a> indica tempo aberto e sol na maior parte do dia.<\/p>\n<p>De acordo com o CGE (Centro de Gerenciamento de Emerg\u00eancias Clim\u00e1ticas) da Prefeitura de <a href=\"https:\/\/www1.folha.uol.com.br\/folha-topicos\/sao-paulo\/\" rel=\"nofollow noopener\" target=\"_blank\">S\u00e3o Paulo<\/a>, pode haver a forma\u00e7\u00e3o de n\u00e9voa \u00famida no fim da madrugada. No entanto, ainda pela manh\u00e3 o sol deve aparecer e passar a predominar, o que vai garantir mais um dia de sol e temperatura em eleva\u00e7\u00e3o.<\/p>\n<p>A temperatura deve variar da m\u00ednima de 14\u00b0C nas primeiras horas \u00e0 m\u00e1xima de 27\u00b0C \u00e0 tarde. Entre o fim da tarde e a noite, a entrada da brisa mar\u00edtima favorece a queda da temperatura.<\/p>\n<p>Nesta quarta (19), o Inmet (Instituto Nacional de Meteorologia) registrou a m\u00e1xima de 26,6\u00b0C \u00e0s 15h ma esta\u00e7\u00e3o do Mirante de Santana, na zona norte da cidade.<\/p>\n<p>Esse cen\u00e1rio meteorol\u00f3gico deve se manter at\u00e9 o domingo (23), apenas com a varia\u00e7\u00e3o da temperatura, que pode chegar a 31\u00b0C na sexta (21), 32\u00b0C no s\u00e1bado (22) e 25\u00b0C no domingo.<\/p>\n<p>O ponto negativo \u00e9 que a umidade relativa do ar pode cair a n\u00edveis preocupantes nos hor\u00e1rios mais quentes, at\u00e9 pouco abaixo dos 30%, que \u00e9 metade do n\u00edvel ideal para o ser humano, segundo a OMS (Organiza\u00e7\u00e3o Mundial da Sa\u00fade).<\/p>\n<p>No Vale do Ribeira a varia\u00e7\u00e3o esperada nesta quinta \u00e9 de 14\u00b0C a 27\u00b0C. Em <a href=\"https:\/\/www1.folha.uol.com.br\/folha-topicos\/santos\/\" rel=\"nofollow noopener\" target=\"_blank\">Santos<\/a>, de 14\u00b0C a 26C; no <a href=\"https:\/\/www1.folha.uol.com.br\/folha-topicos\/guaruja\/\" rel=\"nofollow noopener\" target=\"_blank\">Guaruj\u00e1<\/a>, de 15\u00b0C a 26\u00b0C; em Bertioga e em Ubatuba, de 12\u00b0C a 25\u00b0C.<\/p>\n<p>Em <a href=\"https:\/\/www1.folha.uol.com.br\/folha-topicos\/campos-do-jordao\/\" rel=\"nofollow noopener\" target=\"_blank\">Campos do Jord\u00e3o<\/a>, na serra da Mantiqueira, a previs\u00e3o indica m\u00ednima de 9\u00b0C e m\u00e1xima de apenas 20\u00b0C. Em S\u00e3o Jos\u00e9 dos Campos, no vale do Para\u00edba, as marcas devem ser de 11\u00b0C e 26\u00b0C.<\/p>\n<p>Em Campinas (12\u00b0C a 28\u00b0C), Sorocaba (13\u00b0C a 27\u00b0C) e Bauru (14\u00b0C a 29\u00b0C), a varia\u00e7\u00e3o tende a ser semelhante.<\/p>\n<p>E como normalmente ocorre, nas regi\u00f5es norte e noroeste a tend\u00eancia \u00e9 de tempo mais quente. Assim, em Franca a previs\u00e3o \u00e9 de varia\u00e7\u00e3o de 17\u00b0C a 32\u00b0C; em Ribeir\u00e3o Preto, de 17\u00b0C a 31\u00b0C; em Barretos, de 18\u00b0C a 33\u00b0C; em S\u00e3o Jos\u00e9 do Rio Preto, de 16\u00b0C a 32\u00b0C; em Presidente Prudente, de 14\u00b0C a 31\u00b0C; e em Ara\u00e7atuba, de 15\u00b0C a 32\u00b0C.<\/p>\n<p>Salvador (BA) tem alerta laranja para acumulado de <a href=\"https:\/\/www1.folha.uol.com.br\/folha-topicos\/chuva\/\" rel=\"nofollow noopener\" target=\"_blank\">chuva<\/a><\/p>\n<p>Com a chegada da terceira frente fria \u00e0 regi\u00e3o metropolitana de <a href=\"https:\/\/www1.folha.uol.com.br\/folha-topicos\/salvador\/\" rel=\"nofollow noopener\" target=\"\">Salvador<\/a> (BA) no m\u00eas, a capital baiana estar\u00e1 novamente sujeita a chuva forte e volumosa que poder\u00e1 causar transtornos em v\u00e1rias \u00e1reas da cidade e em outros munic\u00edpios do Rec\u00f4ncavo Baiano nesta quinta-feira.<\/p>\n<p>As duas frentes frias anteriores que passaram pelo litoral da Bahia causaram grandes volumes de chuva, que provocaram alagamentos e deslizamentos na capital baiana. Devido a este cen\u00e1rio, o Inmet emitiu um alerta laranja para acumulado de chuva na regi\u00e3o, com possibilidade de precipita\u00e7\u00e3o de at\u00e9 100 mm por dia.<\/p>\n<p>De acordo com os dados da Climatempo, durante esta quinta a frente fria deve avan\u00e7ar um pouco mais pelo litoral da Bahia e chegar a Salvador. H\u00e1 grande potencial para chuva forte em regi\u00f5es como Porto Seguro, Ilh\u00e9us, Salvador e o Rec\u00f4ncavo baiano. Essas condi\u00e7\u00f5es na regi\u00e3o permanecem altas na sexta-feira e no s\u00e1bado.<\/p>\n<p>As pancadas ser\u00e3o frequentes em \u00e1reas do norte da Bahia, do sert\u00e3o do Nordeste, no interior do Maranh\u00e3o e do Piau\u00ed.<\/p>\n","protected":false},"excerpt":{"rendered":"O feriado do Dia da Consci\u00eancia Negra, nesta quinta-feira (20), deve ser um bom dia para os paulistanos&hellip;\n","protected":false},"author":2,"featured_media":158567,"comment_status":"","ping_status":"","sticky":false,"template":"","format":"standard","meta":{"footnotes":""},"categories":[141],"tags":[815,4174,2834,33860,2139,33861,33862,114,115,236,9086,13434,606,149,150,7831,32,1429,33,654,3802,7806],"class_list":{"0":"post-158566","1":"post","2":"type-post","3":"status-publish","4":"format-standard","5":"has-post-thumbnail","7":"category-musica","8":"tag-bahia","9":"tag-bahia-estado","10":"tag-calor","11":"tag-cge","12":"tag-chuva","13":"tag-climatempo","14":"tag-dia-da-consciencia-negra","15":"tag-entertainment","16":"tag-entretenimento","17":"tag-folha","18":"tag-frio","19":"tag-inmet","20":"tag-meteorologia","21":"tag-music","22":"tag-musica","23":"tag-negro","24":"tag-portugal","25":"tag-previsao-do-tempo","26":"tag-pt","27":"tag-sao-paulo","28":"tag-sao-paulo-estado","29":"tag-temperatura"},"share_on_mastodon":{"url":"https:\/\/pubeurope.com\/@pt\/115581171972172200","error":""},"_links":{"self":[{"href":"https:\/\/www.europesays.com\/pt\/wp-json\/wp\/v2\/posts\/158566","targetHints":{"allow":["GET"]}}],"collection":[{"href":"https:\/\/www.europesays.com\/pt\/wp-json\/wp\/v2\/posts"}],"about":[{"href":"https:\/\/www.europesays.com\/pt\/wp-json\/wp\/v2\/types\/post"}],"author":[{"embeddable":true,"href":"https:\/\/www.europesays.com\/pt\/wp-json\/wp\/v2\/users\/2"}],"replies":[{"embeddable":true,"href":"https:\/\/www.europesays.com\/pt\/wp-json\/wp\/v2\/comments?post=158566"}],"version-history":[{"count":0,"href":"https:\/\/www.europesays.com\/pt\/wp-json\/wp\/v2\/posts\/158566\/revisions"}],"wp:featuredmedia":[{"embeddable":true,"href":"https:\/\/www.europesays.com\/pt\/wp-json\/wp\/v2\/media\/158567"}],"wp:attachment":[{"href":"https:\/\/www.europesays.com\/pt\/wp-json\/wp\/v2\/media?parent=158566"}],"wp:term":[{"taxonomy":"category","embeddable":true,"href":"https:\/\/www.europesays.com\/pt\/wp-json\/wp\/v2\/categories?post=158566"},{"taxonomy":"post_tag","embeddable":true,"href":"https:\/\/www.europesays.com\/pt\/wp-json\/wp\/v2\/tags?post=158566"}],"curies":[{"name":"wp","href":"https:\/\/api.w.org\/{rel}","templated":true}]}}