{"id":158578,"date":"2025-11-20T09:12:38","date_gmt":"2025-11-20T09:12:38","guid":{"rendered":"https:\/\/www.europesays.com\/pt\/158578\/"},"modified":"2025-11-20T09:12:38","modified_gmt":"2025-11-20T09:12:38","slug":"este-filme-de-ficcao-cientifica-surreal-e-polemico-foi-um-sucesso-mas-agora-esta-praticamente-esquecido-um-classico-impressionante-estrelado-por-jennifer-lopez-noticias-de-cinema","status":"publish","type":"post","link":"https:\/\/www.europesays.com\/pt\/158578\/","title":{"rendered":"Este filme de fic\u00e7\u00e3o cient\u00edfica surreal e pol\u00eamico foi um sucesso, mas agora est\u00e1 praticamente esquecido : Um cl\u00e1ssico impressionante estrelado por Jennifer Lopez &#8211; Not\u00edcias de cinema"},"content":{"rendered":"<p>Uma mistura alucinante de fantasia e thriller psicop\u00e1tico.<\/p>\n<p class=\"bo-p\">Os anos 90 foram uma era particularmente prol\u00edfica para <a href=\"https:\/\/www.adorocinema.com\/noticias\/filmes\/noticia-1000154101\/\" class=\"bo-link\" rel=\"nofollow noopener\" target=\"_blank\">thrillers sobre psicopatas e assassinos em s\u00e9rie<\/a>, impulsionados pelo sucesso monumental de <b>Hannibal Lecter<\/b> e outras figuras sombrias. Tamb\u00e9m foi uma \u00f3tima \u00e9poca para cineastas que <a href=\"https:\/\/www.adorocinema.com\/noticias\/filmes\/noticia-146322\/\" class=\"bo-link\" rel=\"nofollow noopener\" target=\"_blank\">come\u00e7aram no mundo dos videoclipes<\/a> e injetaram uma nova energia visual no mainstream de Hollywood, resultando em filmes inovadores como <a href=\"https:\/\/www.adorocinema.com\/filmes\/filme-26098\/\" class=\"bo-link\" rel=\"nofollow noopener\" target=\"_blank\">A Cela<\/a>.<\/p>\n<p>A pris\u00e3o da mente<\/p>\n<p class=\"bo-p\">O cl\u00e1ssico de fic\u00e7\u00e3o cient\u00edfica fez um t\u00edmido retorno gra\u00e7as a novas remasteriza\u00e7\u00f5es e edi\u00e7\u00f5es f\u00edsicas, emergindo da obscuridade em que permaneceu por d\u00e9cadas ap\u00f3s seu sucesso de bilheteria de mais de 100 milh\u00f5es de d\u00f3lares. <a href=\"https:\/\/www.adorocinema.com\/personalidades\/personalidade-12443\/\" class=\"bo-link\" rel=\"nofollow noopener\" target=\"_blank\">Jennifer Lopez<\/a> estrela o filme complexo e ousado, que est\u00e1 dispon\u00edvel para compra ou aluguel no Prime Video.<\/p>\n<p>                                <img loading=\"lazy\" decoding=\"async\" class=\"article-figure-img\" src=\"https:\/\/www.europesays.com\/pt\/wp-content\/uploads\/2025\/11\/dc1a86bbbce4bb447b91eaf6e53d7e48.jpg\" width=\"640\" height=\"320\" alt=\"\"\/><\/p>\n<p>                                    New Line Cinema<\/p>\n<p class=\"bo-p\">Gra\u00e7as a um m\u00e9todo experimental revolucion\u00e1rio, a terapeuta <b>Catherine Deane<\/b> consegue entrar na mente de seus pacientes, diagnosticar suas patologias e trat\u00e1-las. Mas tudo toma um rumo perigoso quando o FBI pede que ela use seus m\u00e9todos em um assassino em s\u00e9rie para descobrir o paradeiro de uma mulher que ele sequestrou.<\/p>\n<p class=\"bo-p\">O filme marcou a estreia de <a href=\"https:\/\/www.adorocinema.com\/personalidades\/personalidade-34480\/\" class=\"bo-link\" rel=\"nofollow noopener\" target=\"_blank\">Tarsem Singh<\/a> na dire\u00e7\u00e3o de longas-metragens, infundindo uma est\u00e9tica surreal, fant\u00e1stica e \u00fanica no cinema do in\u00edcio do s\u00e9culo XXI. A Cela torna-se, assim, uma obra fundamental, preenchendo a lacuna entre a ousadia desenfreada e um entretenimento psicopata t\u00edpico dos anos 90 \u2013 que complementou perfeitamente uma estrela em ascens\u00e3o como Lopez.<\/p>\n<p class=\"bo-p\">O roteiro se esfor\u00e7a demais para ser totalmente bem-sucedido, mas a incr\u00edvel imagina\u00e7\u00e3o audiovisual de Tarsem surpreendentemente facilita a imers\u00e3o nos reinos abstratos do subconsciente. <a href=\"https:\/\/www.adorocinema.com\/noticias\/filmes\/noticia-1000162388\/\" class=\"bo-link\" rel=\"nofollow noopener\" target=\"_blank\">Seus visuais s\u00e3o cativantes<\/a>, mesmo que se aventurem por um territ\u00f3rio bastante sombrio, como se poderia esperar ao tentar retratar uma mente perturbada.<\/p>\n<p class=\"bo-p\">O projeto serve como um interessante campo de testes para o que se tornaria um dos cl\u00e1ssicos definitivos deste s\u00e9culo, <a href=\"https:\/\/www.adorocinema.com\/filmes\/filme-111676\/\" class=\"bo-link\" rel=\"nofollow noopener\" target=\"_blank\">Dubl\u00ea de Anjo<\/a>, e um forte cart\u00e3o de visitas para um cineasta com um universo visual incrivelmente rico.<\/p>\n","protected":false},"excerpt":{"rendered":"Uma mistura alucinante de fantasia e thriller psicop\u00e1tico. Os anos 90 foram uma era particularmente prol\u00edfica para thrillers&hellip;\n","protected":false},"author":2,"featured_media":158579,"comment_status":"","ping_status":"","sticky":false,"template":"","format":"standard","meta":{"footnotes":""},"categories":[140],"tags":[114,115,147,148,146,32,33],"class_list":{"0":"post-158578","1":"post","2":"type-post","3":"status-publish","4":"format-standard","5":"has-post-thumbnail","7":"category-filmes","8":"tag-entertainment","9":"tag-entretenimento","10":"tag-film","11":"tag-filmes","12":"tag-movies","13":"tag-portugal","14":"tag-pt"},"share_on_mastodon":{"url":"https:\/\/pubeurope.com\/@pt\/115581258718782533","error":""},"_links":{"self":[{"href":"https:\/\/www.europesays.com\/pt\/wp-json\/wp\/v2\/posts\/158578","targetHints":{"allow":["GET"]}}],"collection":[{"href":"https:\/\/www.europesays.com\/pt\/wp-json\/wp\/v2\/posts"}],"about":[{"href":"https:\/\/www.europesays.com\/pt\/wp-json\/wp\/v2\/types\/post"}],"author":[{"embeddable":true,"href":"https:\/\/www.europesays.com\/pt\/wp-json\/wp\/v2\/users\/2"}],"replies":[{"embeddable":true,"href":"https:\/\/www.europesays.com\/pt\/wp-json\/wp\/v2\/comments?post=158578"}],"version-history":[{"count":0,"href":"https:\/\/www.europesays.com\/pt\/wp-json\/wp\/v2\/posts\/158578\/revisions"}],"wp:featuredmedia":[{"embeddable":true,"href":"https:\/\/www.europesays.com\/pt\/wp-json\/wp\/v2\/media\/158579"}],"wp:attachment":[{"href":"https:\/\/www.europesays.com\/pt\/wp-json\/wp\/v2\/media?parent=158578"}],"wp:term":[{"taxonomy":"category","embeddable":true,"href":"https:\/\/www.europesays.com\/pt\/wp-json\/wp\/v2\/categories?post=158578"},{"taxonomy":"post_tag","embeddable":true,"href":"https:\/\/www.europesays.com\/pt\/wp-json\/wp\/v2\/tags?post=158578"}],"curies":[{"name":"wp","href":"https:\/\/api.w.org\/{rel}","templated":true}]}}