{"id":158589,"date":"2025-11-20T09:21:14","date_gmt":"2025-11-20T09:21:14","guid":{"rendered":"https:\/\/www.europesays.com\/pt\/158589\/"},"modified":"2025-11-20T09:21:14","modified_gmt":"2025-11-20T09:21:14","slug":"mango-filhas-e-companheira-de-andic-ja-foram-ouvidas-observador","status":"publish","type":"post","link":"https:\/\/www.europesays.com\/pt\/158589\/","title":{"rendered":"Mango. Filhas e companheira de Andic j\u00e1 foram ouvidas \u2013 Observador"},"content":{"rendered":"<p>Os Mossos d\u2019Esquadra, a pol\u00edcia catal\u00e3, est\u00e3o a recolher depoimentos no c\u00edrculo mais pr\u00f3ximo de Isak Andic, o fundador da Mango \u2014 que morreu, em circunst\u00e2ncias ainda n\u00e3o esclarecidas, depois de ter ca\u00eddo de um penhasco, em dezembro de 2024, nos arredores de Barcelona. A pol\u00edcia est\u00e1 a investigar o incidente como um poss\u00edvel homic\u00eddio, escreve o <a href=\"https:\/\/elpais.com\/espana\/2025-11-19\/las-hermanas-y-la-psicoterapeuta-de-jonathan-andic-declaran-como-testigos-por-la-muerte-del-fundador-de-mango.html?event_log=oklogin\" rel=\"nofollow noopener\" target=\"_blank\">El Pa\u00eds<\/a>, e quer perceber os detalhes da rela\u00e7\u00e3o entre Andic e o filho, Jonathan, a \u00fanica testemunha do incidente que provocou a morte do homem mais rico da Catalunha.<\/p>\n<p>As filhas de Andic, Judith e Sarah Andic, prestaram j\u00e1 declara\u00e7\u00f5es aos Mossos d\u2019Esquadra sobre os aspetos mais pessoais da rela\u00e7\u00e3o do irm\u00e3o, Jonathan, com o pai. Tamb\u00e9m a companheira de Andic \u00e0 \u00e9poca da morte, Estefan\u00eda Knuth, prestou depoimento. A golfista lembrou aos investigadores da pol\u00edcia catal\u00e3 um epis\u00f3dio tenso entre Isak Andic e o Jonathan, depois de o fundador da Mango se ter afastado e deixado a empresa nas m\u00e3os de diversos executivos, incluindo do filho.<\/p>\n<p>Algum tempo depois dessa decis\u00e3o, <strong>Andic criticou o filho, alegando que, sob sua lideran\u00e7a, a empresa tinha perdido a \u201cess\u00eancia\u201d<\/strong>. Andic culpou\u00a0 Jonathan pela m\u00e1 gest\u00e3o que acabaria por resultar em preju\u00edzos de milh\u00f5es de euros para a empresa de moda, uma das maiores da Europa. Os maus resultados da Mango for\u00e7aram Isak Andic a reassumir o comando.<\/p>\n<p>Segundo Estefan\u00eda Knuth, a rela\u00e7\u00e3o entre os dois deteriorara-se bastante nos meses anteriores \u00e0 morte de Andic.<\/p>\n<p>Jonathan Andic tamb\u00e9m prestou depoimento nos Mossos d\u2019Esquadra, e em duas ocasi\u00f5es, mas sempre como testemunha. Nesses depoimentos, o filho do fundador da Mango <strong>entrou com contradi\u00e7\u00e3o diversas vezes<\/strong>, o que, juntamente com outras evid\u00eancias (nomeadamente a incongru\u00eancias na cronologia dos acontecimentos), fez aumentar as suspeitas da pol\u00edcia \u2014 que lhe chegou mesmo a apreender o telem\u00f3vel. A meio de outubro, quando se adensavam as suspeitas sobre o filho mais velho de Isak Andic, a fam\u00edlia\u00a0emitiu um comunicado, no qual manifestava a convic\u00e7\u00e3o de que Jonathan Andic \u00e9 inocente no caso.<\/p>\n<blockquote class=\"wp-embedded-content\" data-secret=\"Kw41JugyJw\">\n<p><a href=\"https:\/\/observador.pt\/2025\/10\/17\/filho-mais-velho-de-isak-andic-e-agora-o-principal-suspeito-da-morte-do-fundador-da-mango\/\" rel=\"nofollow noopener\" target=\"_blank\">Filho mais velho de Isak Andic \u00e9 agora o principal suspeito da morte do fundador da Mango<\/a><\/p>\n<\/blockquote>\n<p>Uma certeza que os Mossos d\u2019Esquadra n\u00e3o t\u00eam. Para al\u00e9m de Jonathan, <strong>n\u00e3o h\u00e1 testemunhas<\/strong> do que aconteceu na estrada que liga Collbat\u00f3 (em Barcelona) ao mosteiro de Montserrat, onde se deu a queda fatal. Sem provas diretas, a pol\u00edcia catal\u00e3 reuniu pistas ao longo dos meses que sugerem a possibilidade de homic\u00eddio.<\/p>\n<p>Cabe agora \u00e0 investiga\u00e7\u00e3o chegar a conclus\u00f5es fundamentadas, de forma a apresentar o caso \u00e0 ju\u00edza do tribunal em Martorell (uma cidade a norte de Barcelona, que tem jurisdi\u00e7\u00e3o sobre a zona onde ocorreu a morte). A magistrada decidir\u00e1 depois se arquiva o caso ou se mant\u00e9m a investiga\u00e7\u00e3o aberta e convoca Jonathan Andic para depor, desta vez como suspeito formal pelo crime de homic\u00eddio.<\/p>\n<p>Tamb\u00e9m o presidente da Mango, Toni Ruiz \u2014 que assumiu a presid\u00eancia depois da morte repentina de Andic \u2014 j\u00e1 dep\u00f4s perante a pol\u00edcia catal\u00e3. O psicoterapeuta de Jonathan Andic e um irm\u00e3o de Isak, Nahman Andic, tamb\u00e9m fundador da Mango, testemunharam igualmente no caso.<\/p>\n<p>Recorde-se que Isak Andic, de 71 anos, morreu a 14 de dezembro de 2024, quando caiu de uma altura de cerca de 150 metros, num penhasco na Serra de Montserrat, cerca de 40 quil\u00f3metros a noroeste de Barcelona, numa zona conhecida pelos percursos pedestres.<\/p>\n","protected":false},"excerpt":{"rendered":"Os Mossos d\u2019Esquadra, a pol\u00edcia catal\u00e3, est\u00e3o a recolher depoimentos no c\u00edrculo mais pr\u00f3ximo de Isak Andic, o&hellip;\n","protected":false},"author":2,"featured_media":158590,"comment_status":"","ping_status":"","sticky":false,"template":"","format":"standard","meta":{"footnotes":""},"categories":[145],"tags":[8629,211,210,114,115,640,445,62,32,33],"class_list":{"0":"post-158589","1":"post","2":"type-post","3":"status-publish","4":"format-standard","5":"has-post-thumbnail","7":"category-celebridades","8":"tag-catalunha","9":"tag-celebridades","10":"tag-celebrities","11":"tag-entertainment","12":"tag-entretenimento","13":"tag-espanha","14":"tag-europa","15":"tag-mundo","16":"tag-portugal","17":"tag-pt"},"share_on_mastodon":{"url":"https:\/\/pubeurope.com\/@pt\/115581294078091414","error":""},"_links":{"self":[{"href":"https:\/\/www.europesays.com\/pt\/wp-json\/wp\/v2\/posts\/158589","targetHints":{"allow":["GET"]}}],"collection":[{"href":"https:\/\/www.europesays.com\/pt\/wp-json\/wp\/v2\/posts"}],"about":[{"href":"https:\/\/www.europesays.com\/pt\/wp-json\/wp\/v2\/types\/post"}],"author":[{"embeddable":true,"href":"https:\/\/www.europesays.com\/pt\/wp-json\/wp\/v2\/users\/2"}],"replies":[{"embeddable":true,"href":"https:\/\/www.europesays.com\/pt\/wp-json\/wp\/v2\/comments?post=158589"}],"version-history":[{"count":0,"href":"https:\/\/www.europesays.com\/pt\/wp-json\/wp\/v2\/posts\/158589\/revisions"}],"wp:featuredmedia":[{"embeddable":true,"href":"https:\/\/www.europesays.com\/pt\/wp-json\/wp\/v2\/media\/158590"}],"wp:attachment":[{"href":"https:\/\/www.europesays.com\/pt\/wp-json\/wp\/v2\/media?parent=158589"}],"wp:term":[{"taxonomy":"category","embeddable":true,"href":"https:\/\/www.europesays.com\/pt\/wp-json\/wp\/v2\/categories?post=158589"},{"taxonomy":"post_tag","embeddable":true,"href":"https:\/\/www.europesays.com\/pt\/wp-json\/wp\/v2\/tags?post=158589"}],"curies":[{"name":"wp","href":"https:\/\/api.w.org\/{rel}","templated":true}]}}