{"id":158597,"date":"2025-11-20T09:27:10","date_gmt":"2025-11-20T09:27:10","guid":{"rendered":"https:\/\/www.europesays.com\/pt\/158597\/"},"modified":"2025-11-20T09:27:10","modified_gmt":"2025-11-20T09:27:10","slug":"benfica-lukebakio-sofre-fratura-no-tornozelo-e-vai-parar-tres-meses-2","status":"publish","type":"post","link":"https:\/\/www.europesays.com\/pt\/158597\/","title":{"rendered":"Benfica: Lukebakio sofre fratura no tornozelo e vai parar tr\u00eas meses"},"content":{"rendered":"<p>\t                Extremo do encarnados vai ser operado<\/p>\n<p>M\u00e1s not\u00edcias para o Benfica!\u00a0Dodi Lukebakio sofreu uma fratura do tornozelo esquerdo e vai ser operado, anunciaram os encarnados nesta quarta-feira.<\/p>\n<p>Embora o clube da Luz n\u00e3o tenha especificado o tempo de paragem, o <strong>Maisfutebol <\/strong>sabe que o extremo de 28 anos vai parar tr\u00eas meses, ou seja, s\u00f3 volta a jogar em 2026.<\/p>\n<p><strong><a href=\"https:\/\/maisfutebol.iol.pt\/internacional\/belgica\/atencao-benfica-belgica-sela-apuramento-e-lukebakio-sai-lesionado\" target=\"_blank\" rel=\"nofollow noopener\">A les\u00e3o foi contra\u00edda na goleada frente ao\u00a0Liechtenstein\u00a0(7-0)<\/a><\/strong>, na ter\u00e7a-feira, num jogo em que Lukebakio esteve em campo por apenas alguns momentos. Lan\u00e7ado aos\u00a071 minutos, o extremo teve de deixar o relvado cerca de um quarto de hora depois, com algumas queixas.<\/p>\n<p>De relembrar que o Benfica j\u00e1 tinha informado <strong><a href=\"http:\/\/maisfutebol.iol.pt\/taca-de-portugal\/benfica\/benfica-lukebakio-vai-cumprir-jogo-de-suspensao-diante-do-atletico-cp\" target=\"_blank\" rel=\"nofollow noopener\">que o belga n\u00e3o iria defrontar o Atl\u00e9tico CP, nos 16avos da Ta\u00e7a de Portugal, devido a um vermelho recebido enquanto representava o Sevilha<\/a><\/strong>.<\/p>\n<p>\u00a0<\/p>\n","protected":false},"excerpt":{"rendered":"Extremo do encarnados vai ser operado M\u00e1s not\u00edcias para o Benfica!\u00a0Dodi Lukebakio sofreu uma fratura do tornozelo esquerdo&hellip;\n","protected":false},"author":2,"featured_media":158598,"comment_status":"","ping_status":"","sticky":false,"template":"","format":"standard","meta":{"footnotes":""},"categories":[87],"tags":[609,836,611,3917,51,27,607,608,333,832,604,135,610,15191,476,301,830,603,2613,570,15653,831,833,62,834,13,835,602,52,32,33,134,29],"class_list":{"0":"post-158597","1":"post","2":"type-post","3":"status-publish","4":"format-standard","5":"has-post-thumbnail","7":"category-desporto","8":"tag-alerta","9":"tag-analise","10":"tag-ao-minuto","11":"tag-belgica","12":"tag-benfica","13":"tag-breaking-news","14":"tag-cnn","15":"tag-cnn-portugal","16":"tag-comentadores","17":"tag-costa","18":"tag-crime","19":"tag-desporto","20":"tag-direto","21":"tag-dodi-lukebakio","22":"tag-economia","23":"tag-governo","24":"tag-guerra","25":"tag-justica","26":"tag-lesao","27":"tag-live","28":"tag-lukebakio","29":"tag-mais-vistas","30":"tag-marcelo","31":"tag-mundo","32":"tag-negocios","33":"tag-noticias","34":"tag-opiniao","35":"tag-pais","36":"tag-politica","37":"tag-portugal","38":"tag-pt","39":"tag-sports","40":"tag-ultimas"},"share_on_mastodon":{"url":"https:\/\/pubeurope.com\/@pt\/115581317487040586","error":""},"_links":{"self":[{"href":"https:\/\/www.europesays.com\/pt\/wp-json\/wp\/v2\/posts\/158597","targetHints":{"allow":["GET"]}}],"collection":[{"href":"https:\/\/www.europesays.com\/pt\/wp-json\/wp\/v2\/posts"}],"about":[{"href":"https:\/\/www.europesays.com\/pt\/wp-json\/wp\/v2\/types\/post"}],"author":[{"embeddable":true,"href":"https:\/\/www.europesays.com\/pt\/wp-json\/wp\/v2\/users\/2"}],"replies":[{"embeddable":true,"href":"https:\/\/www.europesays.com\/pt\/wp-json\/wp\/v2\/comments?post=158597"}],"version-history":[{"count":0,"href":"https:\/\/www.europesays.com\/pt\/wp-json\/wp\/v2\/posts\/158597\/revisions"}],"wp:featuredmedia":[{"embeddable":true,"href":"https:\/\/www.europesays.com\/pt\/wp-json\/wp\/v2\/media\/158598"}],"wp:attachment":[{"href":"https:\/\/www.europesays.com\/pt\/wp-json\/wp\/v2\/media?parent=158597"}],"wp:term":[{"taxonomy":"category","embeddable":true,"href":"https:\/\/www.europesays.com\/pt\/wp-json\/wp\/v2\/categories?post=158597"},{"taxonomy":"post_tag","embeddable":true,"href":"https:\/\/www.europesays.com\/pt\/wp-json\/wp\/v2\/tags?post=158597"}],"curies":[{"name":"wp","href":"https:\/\/api.w.org\/{rel}","templated":true}]}}