{"id":158601,"date":"2025-11-20T09:31:33","date_gmt":"2025-11-20T09:31:33","guid":{"rendered":"https:\/\/www.europesays.com\/pt\/158601\/"},"modified":"2025-11-20T09:31:33","modified_gmt":"2025-11-20T09:31:33","slug":"adeus-reforma-uniao-europeia-confirma-que-so-garante-os-pagamentos-de-pensoes-ate-esta-data","status":"publish","type":"post","link":"https:\/\/www.europesays.com\/pt\/158601\/","title":{"rendered":"Adeus reforma? Uni\u00e3o Europeia confirma que s\u00f3 garante os pagamentos de pens\u00f5es at\u00e9 esta data"},"content":{"rendered":"<p><strong>A Comiss\u00e3o Europeia afastou o cen\u00e1rio de rutura das pens\u00f5es p\u00fablicas portuguesas durante as pr\u00f3ximas d\u00e9cadas e garantiu que o sistema se mant\u00e9m sustent\u00e1vel at\u00e9 pelo menos 2070. As conclus\u00f5es fazem parte do Ageing Report, o documento de refer\u00eancia que analisa os impactos do envelhecimento na despesa p\u00fablica e que inclui uma an\u00e1lise detalhada de 73 p\u00e1ginas dedicada a Portugal. <\/strong><\/p>\n<p>De acordo com o site Economia e Finan\u00e7as, especializado em economia, o relat\u00f3rio confirma que os pagamentos est\u00e3o assegurados at\u00e9 ao final do horizonte projetado, deixando em aberto o que poder\u00e1 acontecer depois dessa data, uma vez que a Uni\u00e3o Europeia n\u00e3o realiza proje\u00e7\u00f5es al\u00e9m de 45 anos.<\/p>\n<p>No cen\u00e1rio central, a Comiss\u00e3o Europeia prev\u00ea que o sistema comece a registar d\u00e9fices a partir de 2034. Contudo, segundo a mesma fonte, esses valores n\u00e3o dever\u00e3o ultrapassar os 0,6 por cento do PIB, atingindo o pico em 2045 e diminuindo gradualmente na d\u00e9cada seguinte. A partir de 2060 dever\u00e3o regressar excedentes, contribuindo para estabilizar o sistema at\u00e9 2070.<\/p>\n<p class=\"has-medium-font-size\"><strong>Reserva atual garante folga significativa<\/strong><\/p>\n<p>O relat\u00f3rio destaca o papel do Fundo de Estabiliza\u00e7\u00e3o Financeira da Seguran\u00e7a Social. De acordo com o Economia e Finan\u00e7as, este fundo corresponde j\u00e1 a cerca de 15 por cento do PIB, suficiente para suportar at\u00e9 25 anos de d\u00e9fices equivalentes ao valor m\u00e1ximo projetado. <\/p>\n<p>A Comiss\u00e3o Europeia sublinha que Portugal continuar\u00e1 a acumular excedentes at\u00e9 2034, o que permitir\u00e1 refor\u00e7ar ainda mais esta reserva.<\/p>\n<p>Mesmo no cen\u00e1rio mais pessimista apresentado, os d\u00e9fices permanecem dentro de limites considerados control\u00e1veis. O documento observa que, numa situa\u00e7\u00e3o extrema em que desaparecessem todas as contribui\u00e7\u00f5es dos trabalhadores, o fundo seria suficiente para pagar dois anos completos de pens\u00f5es sem apoio adicional.<\/p>\n<p class=\"has-medium-font-size\"><strong>Despesa com o envelhecimento aumenta antes de descer novamente<\/strong><\/p>\n<p>O Ageing Report indica que Portugal ser\u00e1 um dos pa\u00edses onde o envelhecimento ter\u00e1 maior impacto na despesa p\u00fablica at\u00e9 2047, com um aumento de 4,1 pontos percentuais. <\/p>\n<p>No entanto, segundo o Economia e Finan\u00e7as, a tend\u00eancia inverte-se posteriormente, terminando 2070 com um peso ligeiramente inferior ao atual.<\/p>\n<p>A despesa com pens\u00f5es dever\u00e1 atingir o valor m\u00e1ximo em 2046, representando 15,1 por cento do PIB. Depois disso, come\u00e7ar\u00e1 a descer, estabilizando nos 10,4 por cento em 2070. Se esta previs\u00e3o se confirmar, a despesa final ser\u00e1 1,8 pontos percentuais menor do que em 2022, traduzindo uma melhoria estrutural.<\/p>\n<p class=\"has-medium-font-size\"><strong>As m\u00e1s not\u00edcias: o valor da pens\u00e3o vai representar menos do \u00faltimo sal\u00e1rio<\/strong><\/p>\n<p>Apesar da sustentabilidade financeira, a Comiss\u00e3o Europeia alerta para a descida da taxa de substitui\u00e7\u00e3o. De acordo com o <a href=\"https:\/\/economiafinancas.com\/\" target=\"_blank\" rel=\"noreferrer noopener nofollow\">Economia e Finan\u00e7as<\/a>, esta taxa, atualmente em 67,3 por cento, dever\u00e1 subir temporariamente at\u00e9 \u00e0 d\u00e9cada de 2040, mas cair\u00e1 de forma significativa para cerca de 37 por cento na d\u00e9cada de 2050, estabilizando nesse patamar.<\/p>\n<p>A raz\u00e3o para esta quebra \u00e9 essencialmente estat\u00edstica: \u00e0 medida que os pensionistas da Caixa Geral de Aposenta\u00e7\u00f5es saem do sistema, o valor m\u00e9dio das pens\u00f5es aproxima-se do perfil contributivo dos inscritos na Seguran\u00e7a Social, que t\u00eam carreiras mais curtas e sal\u00e1rios mais baixos.<\/p>\n<p>Cada trabalhador continuar\u00e1, por\u00e9m, a ter uma taxa de substitui\u00e7\u00e3o individual dependente dos seus pr\u00f3prios descontos e remunera\u00e7\u00f5es ao longo da carreira.<\/p>\n<p><strong>Leia tamb\u00e9m:\u00a0<a href=\"https:\/\/postal.pt\/nacional\/invasao-polar-chega-a-portugal-este-vai-ser-o-dia-mais-frio-e-os-7oc-nao-serao-o-unico-problema-para-estas-regioes\/#goog_rewarded\" rel=\"nofollow noopener\" target=\"_blank\">\u2018Invas\u00e3o polar\u2019 chega a Portugal: este vai ser o dia mais frio e os -7\u00baC n\u00e3o ser\u00e3o o \u00fanico problema para estas regi\u00f5es<\/a><\/strong><\/p>\n","protected":false},"excerpt":{"rendered":"A Comiss\u00e3o Europeia afastou o cen\u00e1rio de rutura das pens\u00f5es p\u00fablicas portuguesas durante as pr\u00f3ximas d\u00e9cadas e garantiu&hellip;\n","protected":false},"author":2,"featured_media":137065,"comment_status":"","ping_status":"","sticky":false,"template":"","format":"standard","meta":{"footnotes":""},"categories":[83],"tags":[88,89,90,32,33],"class_list":{"0":"post-158601","1":"post","2":"type-post","3":"status-publish","4":"format-standard","5":"has-post-thumbnail","7":"category-empresas","8":"tag-business","9":"tag-economy","10":"tag-empresas","11":"tag-portugal","12":"tag-pt"},"share_on_mastodon":{"url":"https:\/\/pubeurope.com\/@pt\/115581333304279311","error":""},"_links":{"self":[{"href":"https:\/\/www.europesays.com\/pt\/wp-json\/wp\/v2\/posts\/158601","targetHints":{"allow":["GET"]}}],"collection":[{"href":"https:\/\/www.europesays.com\/pt\/wp-json\/wp\/v2\/posts"}],"about":[{"href":"https:\/\/www.europesays.com\/pt\/wp-json\/wp\/v2\/types\/post"}],"author":[{"embeddable":true,"href":"https:\/\/www.europesays.com\/pt\/wp-json\/wp\/v2\/users\/2"}],"replies":[{"embeddable":true,"href":"https:\/\/www.europesays.com\/pt\/wp-json\/wp\/v2\/comments?post=158601"}],"version-history":[{"count":0,"href":"https:\/\/www.europesays.com\/pt\/wp-json\/wp\/v2\/posts\/158601\/revisions"}],"wp:featuredmedia":[{"embeddable":true,"href":"https:\/\/www.europesays.com\/pt\/wp-json\/wp\/v2\/media\/137065"}],"wp:attachment":[{"href":"https:\/\/www.europesays.com\/pt\/wp-json\/wp\/v2\/media?parent=158601"}],"wp:term":[{"taxonomy":"category","embeddable":true,"href":"https:\/\/www.europesays.com\/pt\/wp-json\/wp\/v2\/categories?post=158601"},{"taxonomy":"post_tag","embeddable":true,"href":"https:\/\/www.europesays.com\/pt\/wp-json\/wp\/v2\/tags?post=158601"}],"curies":[{"name":"wp","href":"https:\/\/api.w.org\/{rel}","templated":true}]}}