{"id":158612,"date":"2025-11-20T09:45:11","date_gmt":"2025-11-20T09:45:11","guid":{"rendered":"https:\/\/www.europesays.com\/pt\/158612\/"},"modified":"2025-11-20T09:45:11","modified_gmt":"2025-11-20T09:45:11","slug":"sobreviver-apos-um-trauma-e-a-coisa-mais-estranha-eva-victor-chega-aos-cinemas-com-sorry-baby","status":"publish","type":"post","link":"https:\/\/www.europesays.com\/pt\/158612\/","title":{"rendered":"\u201cSobreviver ap\u00f3s um trauma \u00e9 a coisa mais estranha\u201d: Eva Victor chega aos cinemas com \u201cSorry, Baby\u201d"},"content":{"rendered":"<p>\u201cQuis escrever uma hist\u00f3ria sobre como sarar algo traum\u00e1tico e fazer passar a viol\u00eancia da experi\u00eancia atrav\u00e9s da amizade e do amor. Como sobreviver ap\u00f3s um trauma \u00e9 a coisa mais estranha de todas!\u201d Foi assim que Eva Victor, cineasta e protagonista de \u201cSorry, Baby\u201d, se apresentou ao Expresso, numa conversa no ver\u00e3o passado. Artista de com\u00e9dia e personagem de v\u00eddeos virais nas redes, \u00e9, aos 31 anos, um dos rostos mais em voga no cinema americano. Depois do sucesso do filme no Festival de Sundance, onde foi pescado pelos est\u00fadios A24 por 8 milh\u00f5es de d\u00f3lares, e de ter tido a honra de ser selecionado para a Quinzena dos Cineastas de Cannes como obra da cerim\u00f3nia de encerramento, \u201cSorry, Baby\u201d est\u00e1 agora a ser propulsionado para a temporada dos pr\u00e9mios, que j\u00e1 ferve em Hollywood.<\/p>\n<p><a href=\"https:\/\/expresso.pt\/subscrever?action=GEN&amp;channel=VID&amp;type=CAP&amp;source=WEB&amp;returnUrl=https:\/\/expresso.pt\/revista\/culturas\/2025-11-20-sobreviver-apos-um-trauma-e-a-coisa-mais-estranha-eva-victor-chega-aos-cinemas-com-sorry-baby-9a602b9a&amp;utm_source=expresso&amp;utm_medium=locked_article&amp;locked=true&amp;article_id=d2be3e85-a3ec-4d4c-9a80-ad9faed853c4&amp;author_id=Rui+Pedro+Tendinha&amp;category=Culturas\" target=\"_self\" class=\"\" rel=\"nofollow noopener\">Subscrever<\/a>J\u00e1 \u00e9 Subscritor?Fa\u00e7a login e continue a ler<a href=\"http:\/\/expresso.pt\/codigo?redirectUrl=https:\/\/expresso.pt\/revista\/culturas\/2025-11-20-sobreviver-apos-um-trauma-e-a-coisa-mais-estranha-eva-victor-chega-aos-cinemas-com-sorry-baby-9a602b9a\" target=\"_self\" class=\"\" rel=\"nofollow noopener\">Inserir C\u00f3digo<\/a>Comprou o Expresso?Insira o c\u00f3digo presente na Revista E para continuar a ler<\/p>\n","protected":false},"excerpt":{"rendered":"\u201cQuis escrever uma hist\u00f3ria sobre como sarar algo traum\u00e1tico e fazer passar a viol\u00eancia da experi\u00eancia atrav\u00e9s da&hellip;\n","protected":false},"author":2,"featured_media":158613,"comment_status":"","ping_status":"","sticky":false,"template":"","format":"standard","meta":{"footnotes":""},"categories":[140],"tags":[114,115,147,148,146,32,33],"class_list":{"0":"post-158612","1":"post","2":"type-post","3":"status-publish","4":"format-standard","5":"has-post-thumbnail","7":"category-filmes","8":"tag-entertainment","9":"tag-entretenimento","10":"tag-film","11":"tag-filmes","12":"tag-movies","13":"tag-portugal","14":"tag-pt"},"share_on_mastodon":{"url":"https:\/\/pubeurope.com\/@pt\/115581388438420127","error":""},"_links":{"self":[{"href":"https:\/\/www.europesays.com\/pt\/wp-json\/wp\/v2\/posts\/158612","targetHints":{"allow":["GET"]}}],"collection":[{"href":"https:\/\/www.europesays.com\/pt\/wp-json\/wp\/v2\/posts"}],"about":[{"href":"https:\/\/www.europesays.com\/pt\/wp-json\/wp\/v2\/types\/post"}],"author":[{"embeddable":true,"href":"https:\/\/www.europesays.com\/pt\/wp-json\/wp\/v2\/users\/2"}],"replies":[{"embeddable":true,"href":"https:\/\/www.europesays.com\/pt\/wp-json\/wp\/v2\/comments?post=158612"}],"version-history":[{"count":0,"href":"https:\/\/www.europesays.com\/pt\/wp-json\/wp\/v2\/posts\/158612\/revisions"}],"wp:featuredmedia":[{"embeddable":true,"href":"https:\/\/www.europesays.com\/pt\/wp-json\/wp\/v2\/media\/158613"}],"wp:attachment":[{"href":"https:\/\/www.europesays.com\/pt\/wp-json\/wp\/v2\/media?parent=158612"}],"wp:term":[{"taxonomy":"category","embeddable":true,"href":"https:\/\/www.europesays.com\/pt\/wp-json\/wp\/v2\/categories?post=158612"},{"taxonomy":"post_tag","embeddable":true,"href":"https:\/\/www.europesays.com\/pt\/wp-json\/wp\/v2\/tags?post=158612"}],"curies":[{"name":"wp","href":"https:\/\/api.w.org\/{rel}","templated":true}]}}