{"id":158616,"date":"2025-11-20T09:48:10","date_gmt":"2025-11-20T09:48:10","guid":{"rendered":"https:\/\/www.europesays.com\/pt\/158616\/"},"modified":"2025-11-20T09:48:10","modified_gmt":"2025-11-20T09:48:10","slug":"revelacoes-ineditas-sobre-o-fim-do-noivado-de-ines","status":"publish","type":"post","link":"https:\/\/www.europesays.com\/pt\/158616\/","title":{"rendered":"Revela\u00e7\u00f5es in\u00e9ditas sobre o fim do noivado de In\u00eas"},"content":{"rendered":"<p>\t\t\t\t\t\t\t\t\t\t\t\t<a href=\"#\" onclick=\"window.open('http:\/\/www.facebook.com\/sharer.php?u=https:\/\/cusquices.com\/revelacoes-ineditas-sobre-o-fim-do-noivado-de-ines\/&amp;t=Revela\u00e7\u00f5es in\u00e9ditas sobre o fim do noivado de In\u00eas', 'facebookShare', 'width=626,height=436'); return false;\" title=\"Share on Facebook\"><\/p>\n<p>Share<\/p>\n<p><\/a><br \/>\n\t\t\t\t\t\t\t\t\t\t\t\t<a href=\"#\" onclick=\"window.open('http:\/\/twitter.com\/share?text=Revela\u00e7\u00f5es in\u00e9ditas sobre o fim do noivado de In\u00eas -&amp;url=https:\/\/cusquices.com\/revelacoes-ineditas-sobre-o-fim-do-noivado-de-ines\/', 'twitterShare', 'width=626,height=436'); return false;\" title=\"Tweet This Post\"><\/p>\n<p>Tweet<\/p>\n<p><\/a><br \/>\n\t\t\t\t\t\t\t\t\t\t\t\t<a href=\"whatsapp:\/\/send?text=Revela\u00e7\u00f5es in\u00e9ditas sobre o fim do noivado de In\u00eas https:\/\/cusquices.com\/revelacoes-ineditas-sobre-o-fim-do-noivado-de-ines\/\" rel=\"nofollow\"><\/p>\n<p>Share<\/p>\n<p><\/a><br \/>\n\t\t\t\t\t\t\t\t\t\t\t\t<a href=\"#\" onclick=\"window.open('http:\/\/pinterest.com\/pin\/create\/button\/?url=https:\/\/cusquices.com\/revelacoes-ineditas-sobre-o-fim-do-noivado-de-ines\/&amp;media=https:\/\/cusquices.com\/wp-content\/uploads\/2025\/10\/inesgama-sstvi-1000x600.jpg&amp;description=Revela\u00e7\u00f5es in\u00e9ditas sobre o fim do noivado de In\u00eas', 'pinterestShare', 'width=750,height=350'); return false;\" title=\"Pin This Post\"><\/p>\n<p>Share<\/p>\n<p><\/a><br \/>\n\t\t\t\t\t\t\t\t\t\t\t\t<a href=\"mailto:?subject=Revela\u00e7\u00f5es in\u00e9ditas sobre o fim do noivado de In\u00eas&amp;BODY=I found this article interesting and thought of sharing it with you. Check it out: https:\/\/cusquices.com\/revelacoes-ineditas-sobre-o-fim-do-noivado-de-ines\/\"><\/p>\n<p>Email<\/p>\n<p><\/a><br \/>\n\t\t\t\t\t\t\t\t\t\t\t\t\t\t\t\t\t\t\t\t\t\t\t\t\t\t\t\t\t\t\t\t\t\t\t\t\t\t\t\t\t\t\t\t\t\t\t\t\t\t\t\t\t<a href=\"https:\/\/cusquices.com\/revelacoes-ineditas-sobre-o-fim-do-noivado-de-ines\/#respond\" rel=\"nofollow noopener\" target=\"_blank\"><\/p>\n<p>Ao que tudo indica, foi In\u00eas quem traiu o noivo e p\u00f4s um fim ao noivado.<\/p>\n<p><strong>Vera,<\/strong> ex-concorrente do <strong>Secret Story<\/strong>, decidiu \u2018p\u00f4r a boca no trombone\u2019 e, em declara\u00e7\u00f5es \u00e0 revista <strong>TV Guia,<\/strong> revelou novos detalhes sobre o segredo de In\u00eas. Recorde-se que tudo indica que o segredo: <strong>\u201cCancelei o meu casamento por causa da dama de honor\u201d,<\/strong> pertence mesmo a In\u00eas.<\/p>\n<p>\u00a0<strong>\u201cO que se sabe na internet e o que me contaram \u00e9 que a In\u00eas e o namorado tinham uma rela\u00e7\u00e3o muito aberta, com muitas experi\u00eancias e que o namorado descobriu que ela se envolveu com a dama de honor pouco antes do casamento\u201d<\/strong>, come\u00e7ou por contar Vera, que de seguida revelou que o noivo descobriu: <strong>\u201cEle ficou danado e ela, com vergonha, decidiu n\u00e3o seguir em frente com o casamento. De resto\u2026 quando enviaram a pista para dentro da casa isso era \u00f3bvio. Uma noiva e a dama de honor. N\u00e3o havia noivo\u201d<\/strong>.<\/p>\n<p>Vera salientou, ainda, a conversa que In\u00eas tinha tido com L\u00eddia na casa: \u201c<strong>Ela tinha dito \u00e0 nossa colega L\u00eddia que j\u00e1 tinha tido rela\u00e7\u00f5es com mulheres e que o namorado sabia. N\u00e3o disseram muitas mais, mas pelo que me contaram, a hist\u00f3ria do segredo \u00e9 dessa<\/strong>\u201c.<\/p>\n<p>\u201c<strong>Da\u00ed ter acreditado de alguma forma que podia haver sentimentos dela por comigo. Foi parva\u2026<\/strong>\u201c, lamentou Vera.<\/p>\n<p><strong>Leia tamb\u00e9m:<\/strong><\/p>\n<p>\t\t\t\t\t\t\t\t\t\t\t\t\t\t\t\t\t\t\t\t\t\t\t\t\t<img decoding=\"async\" src=\"https:\/\/www.europesays.com\/pt\/wp-content\/uploads\/2025\/10\/cusquices-logo-52x.png\" class=\"webpexpress-processed\"\/><\/p>\n<p>\t\t\t\t\t\t\t\t\t\t\t\t\t\t\t\t\t\t\t\t\t            \t\t\t\t\t\t\t\t\t\t\t\t\t\t\t\t\t\t\t\t\t\t\t\t\t\t\t\t\t\t\t\t\t\t\t\t\t\t\t<script async src=\"https:\/\/platform.twitter.com\/widgets.js\" charset=\"utf-8\"><\/script><\/p>\n","protected":false},"excerpt":{"rendered":"Share Tweet Share Share Email Ao que tudo indica, foi In\u00eas quem traiu o noivo e p\u00f4s um&hellip;\n","protected":false},"author":2,"featured_media":133526,"comment_status":"","ping_status":"","sticky":false,"template":"","format":"standard","meta":{"footnotes":""},"categories":[85],"tags":[2632,49,114,115,25393,32,33],"class_list":{"0":"post-158616","1":"post","2":"type-post","3":"status-publish","4":"format-standard","5":"has-post-thumbnail","7":"category-entretenimento","8":"tag-casa-dos-segredos","9":"tag-destaques","10":"tag-entertainment","11":"tag-entretenimento","12":"tag-ines-gama","13":"tag-portugal","14":"tag-pt"},"share_on_mastodon":{"url":"https:\/\/pubeurope.com\/@pt\/115581400558730525","error":""},"_links":{"self":[{"href":"https:\/\/www.europesays.com\/pt\/wp-json\/wp\/v2\/posts\/158616","targetHints":{"allow":["GET"]}}],"collection":[{"href":"https:\/\/www.europesays.com\/pt\/wp-json\/wp\/v2\/posts"}],"about":[{"href":"https:\/\/www.europesays.com\/pt\/wp-json\/wp\/v2\/types\/post"}],"author":[{"embeddable":true,"href":"https:\/\/www.europesays.com\/pt\/wp-json\/wp\/v2\/users\/2"}],"replies":[{"embeddable":true,"href":"https:\/\/www.europesays.com\/pt\/wp-json\/wp\/v2\/comments?post=158616"}],"version-history":[{"count":0,"href":"https:\/\/www.europesays.com\/pt\/wp-json\/wp\/v2\/posts\/158616\/revisions"}],"wp:featuredmedia":[{"embeddable":true,"href":"https:\/\/www.europesays.com\/pt\/wp-json\/wp\/v2\/media\/133526"}],"wp:attachment":[{"href":"https:\/\/www.europesays.com\/pt\/wp-json\/wp\/v2\/media?parent=158616"}],"wp:term":[{"taxonomy":"category","embeddable":true,"href":"https:\/\/www.europesays.com\/pt\/wp-json\/wp\/v2\/categories?post=158616"},{"taxonomy":"post_tag","embeddable":true,"href":"https:\/\/www.europesays.com\/pt\/wp-json\/wp\/v2\/tags?post=158616"}],"curies":[{"name":"wp","href":"https:\/\/api.w.org\/{rel}","templated":true}]}}