{"id":158623,"date":"2025-11-20T09:52:39","date_gmt":"2025-11-20T09:52:39","guid":{"rendered":"https:\/\/www.europesays.com\/pt\/158623\/"},"modified":"2025-11-20T09:52:39","modified_gmt":"2025-11-20T09:52:39","slug":"duas-mulheres-esfaqueadas-dentro-do-proprio-carro-no-montijo","status":"publish","type":"post","link":"https:\/\/www.europesays.com\/pt\/158623\/","title":{"rendered":"Duas mulheres esfaqueadas dentro do pr\u00f3prio carro no Montijo"},"content":{"rendered":"<p data-remotead-prev-elm=\"true\" data-remotead-elm-id=\"inread\">O esfaqueamento ocorreu na Rua Jos\u00e9 Ferreira Pio, no Montijo, perto das 2 horas. As v\u00edtimas, com 25 e 28 anos, foram esfaqueadas por um homem que ter\u00e1 entrado na viatura onde ambas se encontravam. Ap\u00f3s o esfaqueamento, as v\u00edtimas conseguiram fugir para o Hospital do Montijo, onde receberam assist\u00eancia.<\/p>\n<p>Na unidade de sa\u00fade, foi alertada a PSP do Montijo, que se dirigiu ao local e recolheu os testemunhos das v\u00edtimas, que indicaram que o suspeito tamb\u00e9m entrou no mesmo hospital.<\/p>\n<p>O homem, ferido, deslocou-se ao Hospital do Montijo e foi localizado pelas autoridades antes de ser transferido para o Hospital do Barreiro, onde j\u00e1 se encontram internadas as v\u00edtimas.<\/p>\n<p data-remotead-prev-elm=\"true\" data-remotead-elm-id=\"centro1\">Suspeito e v\u00edtimas est\u00e3o no mesmo hospital, mas separados fisicamente e com as autoridades em perman\u00eancia no local para garantir que n\u00e3o se cruzam.<\/p>\n<p>Por se tratar de um crime de homic\u00eddio qualificado na forma tentada, a Pol\u00edcia Judici\u00e1ria de Set\u00fabal foi acionada para recolher vest\u00edgios no local e na viatura onde as agress\u00f5es violentas ocorreram.<\/p>\n<p>Na manh\u00e3 desta quarta-feira, o suspeito ainda n\u00e3o tinha sido detido, o que s\u00f3 dever\u00e1 ocorrer ap\u00f3s o homem ter alta hospitalar. Ser\u00e1 interrogado pelas autoridades e confrontado com as provas recolhidas. A PJ procura tamb\u00e9m a arma do crime, que n\u00e3o estaria na posse do suspeito quando entrou no hospital.<\/p>\n","protected":false},"excerpt":{"rendered":"O esfaqueamento ocorreu na Rua Jos\u00e9 Ferreira Pio, no Montijo, perto das 2 horas. As v\u00edtimas, com 25&hellip;\n","protected":false},"author":2,"featured_media":158624,"comment_status":"","ping_status":"","sticky":false,"template":"","format":"standard","meta":{"footnotes":""},"categories":[10],"tags":[27,28,17889,15,16,14,603,25,26,21,22,26507,12,13,19,20,4107,32,23,24,1306,33,17,18,29,30,31],"class_list":{"0":"post-158623","1":"post","2":"type-post","3":"status-publish","4":"format-standard","5":"has-post-thumbnail","7":"category-portugal","8":"tag-breaking-news","9":"tag-breakingnews","10":"tag-esfaqueamento","11":"tag-featured-news","12":"tag-featurednews","13":"tag-headlines","14":"tag-justica","15":"tag-latest-news","16":"tag-latestnews","17":"tag-main-news","18":"tag-mainnews","19":"tag-montijo","20":"tag-news","21":"tag-noticias","22":"tag-noticias-principais","23":"tag-noticiasprincipais","24":"tag-pj","25":"tag-portugal","26":"tag-principais-noticias","27":"tag-principaisnoticias","28":"tag-psp","29":"tag-pt","30":"tag-top-stories","31":"tag-topstories","32":"tag-ultimas","33":"tag-ultimas-noticias","34":"tag-ultimasnoticias"},"share_on_mastodon":{"url":"https:\/\/pubeurope.com\/@pt\/115581416029407041","error":""},"_links":{"self":[{"href":"https:\/\/www.europesays.com\/pt\/wp-json\/wp\/v2\/posts\/158623","targetHints":{"allow":["GET"]}}],"collection":[{"href":"https:\/\/www.europesays.com\/pt\/wp-json\/wp\/v2\/posts"}],"about":[{"href":"https:\/\/www.europesays.com\/pt\/wp-json\/wp\/v2\/types\/post"}],"author":[{"embeddable":true,"href":"https:\/\/www.europesays.com\/pt\/wp-json\/wp\/v2\/users\/2"}],"replies":[{"embeddable":true,"href":"https:\/\/www.europesays.com\/pt\/wp-json\/wp\/v2\/comments?post=158623"}],"version-history":[{"count":0,"href":"https:\/\/www.europesays.com\/pt\/wp-json\/wp\/v2\/posts\/158623\/revisions"}],"wp:featuredmedia":[{"embeddable":true,"href":"https:\/\/www.europesays.com\/pt\/wp-json\/wp\/v2\/media\/158624"}],"wp:attachment":[{"href":"https:\/\/www.europesays.com\/pt\/wp-json\/wp\/v2\/media?parent=158623"}],"wp:term":[{"taxonomy":"category","embeddable":true,"href":"https:\/\/www.europesays.com\/pt\/wp-json\/wp\/v2\/categories?post=158623"},{"taxonomy":"post_tag","embeddable":true,"href":"https:\/\/www.europesays.com\/pt\/wp-json\/wp\/v2\/tags?post=158623"}],"curies":[{"name":"wp","href":"https:\/\/api.w.org\/{rel}","templated":true}]}}