{"id":158625,"date":"2025-11-20T09:53:10","date_gmt":"2025-11-20T09:53:10","guid":{"rendered":"https:\/\/www.europesays.com\/pt\/158625\/"},"modified":"2025-11-20T09:53:10","modified_gmt":"2025-11-20T09:53:10","slug":"democratas-usam-tiktok-para-responder-a-cristiano-ronaldo-e-trump-com-video-de-messi","status":"publish","type":"post","link":"https:\/\/www.europesays.com\/pt\/158625\/","title":{"rendered":"Democratas usam TikTok para responder a Cristiano Ronaldo e Trump com v\u00eddeo de Messi"},"content":{"rendered":"<p>\t                Publica\u00e7\u00e3o surge pouco depois de um v\u00eddeo partilhado pela Casa Branca<\/p>\n<p>O Partido Democrata publicou esta quarta-feira imagens de Lionel Messi, o avan\u00e7ado argentino do Inter Miami, na sua conta no TikTok, em resposta ao v\u00eddeo divulgado pela Casa Branca com o presidente Republicano Donald Trump ao lado de Cristiano Ronaldo.<\/p>\n<p>O v\u00eddeo do TikTok re\u00fane imagens ic\u00f3nicas da carreira de Messi no Barcelona e no Paris Saint-Germain, na sele\u00e7\u00e3o argentina e tamb\u00e9m da cerim\u00f3nia em que recebeu uma das suas oito Bolas de Ouro.<\/p>\n<blockquote cite=\"https:\/\/www.tiktok.com\/@democrats\/video\/7574485216027364621\" class=\"tiktok-embed\" data-video-id=\"7574485216027364621\" style=\"max-width: 605px;min-width: 325px;\"><p>\n  <a href=\"https:\/\/www.tiktok.com\/@democrats?refer=embed\" target=\"_blank\" title=\"@democrats\" rel=\"nofollow noopener\">@democrats<\/a> <\/p>\n<p>mogged<\/p>\n<p> <a href=\"https:\/\/www.tiktok.com\/music\/original-sound-click24s-7380763291641629472?refer=embed\" target=\"_blank\" title=\"\u266c original sound  - click24s\" rel=\"nofollow noopener\">\u266c original sound &#8211; click24s<\/a> <\/p>\n<\/blockquote>\n<p>A publica\u00e7\u00e3o surge um dia depois de a Casa Branca ter divulgado um v\u00eddeo de Trump e Ronaldo a caminharem juntos com a mensagem &#8220;dois GOATs&#8221; (Greatest of All Time, ou Os Maiores de Todos os Tempos, em portugu\u00eas).<\/p>\n<blockquote class=\"twitter-tweet\">\n<p lang=\"en\">Two GOATS.<br \/>\u00a0<\/p>\n<p>CR7 x 45\/47<a href=\"https:\/\/twitter.com\/Cristiano?ref_src=twsrc%5Etfw\" rel=\"nofollow noopener\" target=\"_blank\">@Cristiano<\/a> \ud83d\udd25 <a href=\"https:\/\/t.co\/QA4Dw0s1lr\" rel=\"nofollow\">pic.twitter.com\/QA4Dw0s1lr<\/a><\/p>\n<p>\u00a0<\/p>\n<p> \u2014 The White House (@WhiteHouse) <a href=\"https:\/\/twitter.com\/WhiteHouse\/status\/1991151873970020681?ref_src=twsrc%5Etfw\" rel=\"nofollow noopener\" target=\"_blank\">November 19, 2025<\/a>\n<\/p><\/blockquote>\n<p>Na ter\u00e7a-feira \u00e0 noite, durante um jantar com o pr\u00edncipe herdeiro da Ar\u00e1bia Saudita, Mohammed bin Salman, e a delega\u00e7\u00e3o saudita, Trump destacou a presen\u00e7a do portugu\u00eas e disse que o filho, Barron, estava entusiasmado por conhecer Cristiano Ronaldo pessoalmente.<\/p>\n<p>Cristiano Ronaldo e a hispano-argentina Georgina Rodriguez, companheira do futebolista, ficaram num hotel de luxo a um quarteir\u00e3o da Casa Branca.<\/p>\n<p>Cristiano Ronaldo agradeceu a Donald Trump o convite e a rece\u00e7\u00e3o na Casa Branca.<\/p>\n<p>&#8220;Obrigado senhor Presidente, pelo convite e pela rece\u00e7\u00e3o calorosa que voc\u00ea e a primeira-dama me ofereceram a mim e \u00e0 minha futura esposa. Cada um de n\u00f3s tem algo significativo para dar e eu estou pronto para fazer a minha parte enquanto inspiramos as novas gera\u00e7\u00f5es a constru\u00edrem um futuro definido pela coragem, responsabilidade e paz duradoura&#8221;, sublinhou o avan\u00e7ado e capit\u00e3o da sele\u00e7\u00e3o nacional, numa publica\u00e7\u00e3o nas redes sociais.<\/p>\n<p>O jogador j\u00e1 tinha manifestado interesse em encontrar-se com Trump numa entrevista recente ao jornalista brit\u00e2nico Piers Morgan, divulgada em 6 de novembro: &#8220;\u00c9 uma das pessoas que quero conhecer, gostava de ter uma boa conversa com ele. \u00c9 algu\u00e9m de quem gosto mesmo porque \u00e9 uma das pessoas que consegue fazer as coisas acontecer&#8221;.<\/p>\n<p>Desde a sua chegada \u00e0 Ar\u00e1bia Saudita, em janeiro de 2023, Ronaldo tem assumido um papel de promo\u00e7\u00e3o do pa\u00eds, sendo que o encontro com o l\u00edder norte-americano coincidiu com a primeira desloca\u00e7\u00e3o oficial de Mohammed bin Salman a Washington em sete anos.<\/p>\n<p>Cristiano Ronaldo foi o terceiro desportista portugu\u00eas a realizar uma visita oficial \u00e0 Casa Branca, ap\u00f3s o maratonista Carlos Lopes, medalha de ouro nos Jogos Ol\u00edmpicos Los Angeles1984, que foi recebido por Ronald Reagan, e do basquetebolista Neemias Queta, vencedor da Liga norte-americana de basquetebol (NBA) pelos Boston Celtics, em 2024.<\/p>\n<p>\t            <script async src=\"https:\/\/platform.twitter.com\/widgets.js\" charset=\"utf-8\"><\/script><script async src=\"\/\/www.tiktok.com\/embed.js\"><\/script><\/p>\n","protected":false},"excerpt":{"rendered":"Publica\u00e7\u00e3o surge pouco depois de um v\u00eddeo partilhado pela Casa Branca O Partido Democrata publicou esta quarta-feira imagens&hellip;\n","protected":false},"author":2,"featured_media":158626,"comment_status":"","ping_status":"","sticky":false,"template":"","format":"standard","meta":{"footnotes":""},"categories":[8],"tags":[609,836,611,27,28,607,608,333,832,604,667,33866,135,610,92,476,15,16,301,830,14,603,25,26,16658,570,21,22,831,833,62,834,12,13,19,20,835,602,9725,6281,52,32,23,24,33,17,18,29,30,31],"class_list":{"0":"post-158625","1":"post","2":"type-post","3":"status-publish","4":"format-standard","5":"has-post-thumbnail","7":"category-principais-noticias","8":"tag-alerta","9":"tag-analise","10":"tag-ao-minuto","11":"tag-breaking-news","12":"tag-breakingnews","13":"tag-cnn","14":"tag-cnn-portugal","15":"tag-comentadores","16":"tag-costa","17":"tag-crime","18":"tag-cristiano-ronaldo","19":"tag-cristiano-ronaldo-na-casa-branca","20":"tag-desporto","21":"tag-direto","22":"tag-donald-trump","23":"tag-economia","24":"tag-featured-news","25":"tag-featurednews","26":"tag-governo","27":"tag-guerra","28":"tag-headlines","29":"tag-justica","30":"tag-latest-news","31":"tag-latestnews","32":"tag-lionel-messi","33":"tag-live","34":"tag-main-news","35":"tag-mainnews","36":"tag-mais-vistas","37":"tag-marcelo","38":"tag-mundo","39":"tag-negocios","40":"tag-news","41":"tag-noticias","42":"tag-noticias-principais","43":"tag-noticiasprincipais","44":"tag-opiniao","45":"tag-pais","46":"tag-partido-democrata","47":"tag-partido-republicano","48":"tag-politica","49":"tag-portugal","50":"tag-principais-noticias","51":"tag-principaisnoticias","52":"tag-pt","53":"tag-top-stories","54":"tag-topstories","55":"tag-ultimas","56":"tag-ultimas-noticias","57":"tag-ultimasnoticias"},"share_on_mastodon":{"url":"","error":"Validation failed: Text character limit of 500 exceeded"},"_links":{"self":[{"href":"https:\/\/www.europesays.com\/pt\/wp-json\/wp\/v2\/posts\/158625","targetHints":{"allow":["GET"]}}],"collection":[{"href":"https:\/\/www.europesays.com\/pt\/wp-json\/wp\/v2\/posts"}],"about":[{"href":"https:\/\/www.europesays.com\/pt\/wp-json\/wp\/v2\/types\/post"}],"author":[{"embeddable":true,"href":"https:\/\/www.europesays.com\/pt\/wp-json\/wp\/v2\/users\/2"}],"replies":[{"embeddable":true,"href":"https:\/\/www.europesays.com\/pt\/wp-json\/wp\/v2\/comments?post=158625"}],"version-history":[{"count":0,"href":"https:\/\/www.europesays.com\/pt\/wp-json\/wp\/v2\/posts\/158625\/revisions"}],"wp:featuredmedia":[{"embeddable":true,"href":"https:\/\/www.europesays.com\/pt\/wp-json\/wp\/v2\/media\/158626"}],"wp:attachment":[{"href":"https:\/\/www.europesays.com\/pt\/wp-json\/wp\/v2\/media?parent=158625"}],"wp:term":[{"taxonomy":"category","embeddable":true,"href":"https:\/\/www.europesays.com\/pt\/wp-json\/wp\/v2\/categories?post=158625"},{"taxonomy":"post_tag","embeddable":true,"href":"https:\/\/www.europesays.com\/pt\/wp-json\/wp\/v2\/tags?post=158625"}],"curies":[{"name":"wp","href":"https:\/\/api.w.org\/{rel}","templated":true}]}}