{"id":158639,"date":"2025-11-20T10:05:27","date_gmt":"2025-11-20T10:05:27","guid":{"rendered":"https:\/\/www.europesays.com\/pt\/158639\/"},"modified":"2025-11-20T10:05:27","modified_gmt":"2025-11-20T10:05:27","slug":"tiktok-vai-identificar-uso-de-ia-e-melhorar-o-bem-estar-digital","status":"publish","type":"post","link":"https:\/\/www.europesays.com\/pt\/158639\/","title":{"rendered":"TikTok vai identificar uso de IA e melhorar o bem-estar digital"},"content":{"rendered":"<p>                O TikTok anunciou no seu F\u00f3rum Europeu de Seguran\u00e7a, realizado em Dublin, na Irlanda, novidades sobre como a plataforma aproveita a tecnologia para garantir a seguran\u00e7a, com foco especial em IA, al\u00e9m da cria\u00e7\u00e3o de um novo espa\u00e7o na aplica\u00e7\u00e3o chamado &#8220;Tempo e Bem-estar&#8221;, para criar h\u00e1bitos conscientes do uso digital.<\/p>\n<p>Durante a sess\u00e3o, o diretor global de divulga\u00e7\u00e3o e colabora\u00e7\u00e3o do TikTok, Valiant Richey, destacou que a base da plataforma, com cerca de mil milh\u00f5es de utilizadores, dos quais 200 milh\u00f5es na Europa, \u00e9 a seguran\u00e7a que &#8220;n\u00e3o \u00e9 negoci\u00e1vel&#8221;.<\/p>\n<p>Entre as novidades, a rede social informou que vai come\u00e7ar a adicionar &#8220;nas pr\u00f3ximas semanas, uma marca de \u00e1gua invis\u00edvel para etiquetar o conte\u00fado gerado por IA na pr\u00f3pria plataforma&#8221;.<\/p>\n<p>Essa marca representa uma camada adicional de prote\u00e7\u00e3o, pois s\u00f3 pode ser lida pelo TikTok, o que dificulta a sua elimina\u00e7\u00e3o, ajudando a etiquetar o conte\u00fado de forma mais fi\u00e1vel e contextual.<\/p>\n<p>A diretora de seguran\u00e7a, privacidade e prote\u00e7\u00e3o de dados, pol\u00edticas p\u00fablicas na Europa, Jade Nester, explicou que a plataforma come\u00e7ou a marcar o conte\u00fado gerado por IA em 2003, mas que os esfor\u00e7os para combater a desinforma\u00e7\u00e3o gerada por esta tecnologia continuam.<\/p>\n<p>J\u00e1 foram rotulados 1,3 mil milh\u00f5es de v\u00eddeos no TikTok, que exige que os criadores de conte\u00fado marquem o conte\u00fado realista gerado por IA na plataforma.<\/p>\n<p>Em breve, a rede social tamb\u00e9m ir\u00e1 come\u00e7ar a testar um novo controlo para conte\u00fado criado por IA, com o qual os utilizadores poder\u00e3o determinar a quantidade destes v\u00eddeos no &#8216;feed&#8217; &#8220;Para Ti&#8221;.<\/p>\n<p>Al\u00e9m disso, ser\u00e1 lan\u00e7ado um fundo de dois milh\u00f5es de d\u00f3lares para que especialistas criem conte\u00fado direcionado no &#8216;feed&#8217; &#8220;Para Ti&#8221;, com foco na alfabetiza\u00e7\u00e3o e seguran\u00e7a dos utilizadores em mat\u00e9ria de IA.<\/p>\n<p>O f\u00f3rum tamb\u00e9m abordou o refor\u00e7o de pr\u00e1ticas melhoradas na plataforma para detetar redes de contas que disseminam \u00f3dio e viol\u00eancia.<\/p>\n<p>S\u00f3 este ano, o TikTok eliminou 17 redes deste tipo, compostas por mais de 920 contas dedicadas a espalhar \u00f3dio com ideologias extremistas.<\/p>\n<p>Nos primeiros seis meses do ano, foram eliminados 6,5 milh\u00f5es de v\u00eddeos por infringirem essas regras, o que representa pouco menos de 2% de todo o conte\u00fado infrator.<\/p>\n<p>Para detetar o discurso de \u00f3dio, a plataforma recorre \u00e0 modera\u00e7\u00e3o de conte\u00fados realizada por IA, mas tamb\u00e9m por equipas humanas, pelo que tem procurado um equil\u00edbrio entre as duas formas de modera\u00e7\u00e3o.<\/p>\n<p>Os dados do TikTok indicam uma redu\u00e7\u00e3o de 76% no conte\u00fado gr\u00e1fico moderado pela equipa humana no ano passado, destacando ainda a modera\u00e7\u00e3o de coment\u00e1rios, em que o uso da IA permite identificar o dobro dos coment\u00e1rios n\u00e3o permitidos.<\/p>\n<p>Outras das novidades anunciadas pela rede social prende-se com novas funcionalidades de bem-estar que pretendem promover h\u00e1bitos digitais saud\u00e1veis.<\/p>\n<p>O novo espa\u00e7o &#8220;Tempo e Bem-estar&#8221; oferece sons relaxantes, exerc\u00edcios de respira\u00e7\u00e3o consciente ou um &#8220;di\u00e1rio de afirma\u00e7\u00f5es&#8221;, para estabelecer uma inten\u00e7\u00e3o ou prop\u00f3sito para o dia.<\/p>\n<p>Foram ainda incorporadas quatro novas &#8220;Miss\u00f5es de Bem-estar&#8221;, dirigidas especialmente a adolescentes, como Horas de Sono, para evitar o uso da plataforma \u00e0 noite durante oito semanas ou a miss\u00e3o semanal Tempo de Ecr\u00e3s, para ajudar a tomar consci\u00eancia do tempo que se passa na rede social.  &#13;\n            <\/p>\n","protected":false},"excerpt":{"rendered":"O TikTok anunciou no seu F\u00f3rum Europeu de Seguran\u00e7a, realizado em Dublin, na Irlanda, novidades sobre como a&hellip;\n","protected":false},"author":2,"featured_media":158640,"comment_status":"","ping_status":"","sticky":false,"template":"","format":"standard","meta":{"footnotes":""},"categories":[83],"tags":[88,89,90,13,32,33,420,421],"class_list":{"0":"post-158639","1":"post","2":"type-post","3":"status-publish","4":"format-standard","5":"has-post-thumbnail","7":"category-empresas","8":"tag-business","9":"tag-economy","10":"tag-empresas","11":"tag-noticias","12":"tag-portugal","13":"tag-pt","14":"tag-rtp","15":"tag-rtp-noticias"},"share_on_mastodon":{"url":"https:\/\/pubeurope.com\/@pt\/115581466933416949","error":""},"_links":{"self":[{"href":"https:\/\/www.europesays.com\/pt\/wp-json\/wp\/v2\/posts\/158639","targetHints":{"allow":["GET"]}}],"collection":[{"href":"https:\/\/www.europesays.com\/pt\/wp-json\/wp\/v2\/posts"}],"about":[{"href":"https:\/\/www.europesays.com\/pt\/wp-json\/wp\/v2\/types\/post"}],"author":[{"embeddable":true,"href":"https:\/\/www.europesays.com\/pt\/wp-json\/wp\/v2\/users\/2"}],"replies":[{"embeddable":true,"href":"https:\/\/www.europesays.com\/pt\/wp-json\/wp\/v2\/comments?post=158639"}],"version-history":[{"count":0,"href":"https:\/\/www.europesays.com\/pt\/wp-json\/wp\/v2\/posts\/158639\/revisions"}],"wp:featuredmedia":[{"embeddable":true,"href":"https:\/\/www.europesays.com\/pt\/wp-json\/wp\/v2\/media\/158640"}],"wp:attachment":[{"href":"https:\/\/www.europesays.com\/pt\/wp-json\/wp\/v2\/media?parent=158639"}],"wp:term":[{"taxonomy":"category","embeddable":true,"href":"https:\/\/www.europesays.com\/pt\/wp-json\/wp\/v2\/categories?post=158639"},{"taxonomy":"post_tag","embeddable":true,"href":"https:\/\/www.europesays.com\/pt\/wp-json\/wp\/v2\/tags?post=158639"}],"curies":[{"name":"wp","href":"https:\/\/api.w.org\/{rel}","templated":true}]}}