{"id":158654,"date":"2025-11-20T10:21:52","date_gmt":"2025-11-20T10:21:52","guid":{"rendered":"https:\/\/www.europesays.com\/pt\/158654\/"},"modified":"2025-11-20T10:21:52","modified_gmt":"2025-11-20T10:21:52","slug":"marques-mendes-bate-antonio-filipe-com-tema-fatal-da-ucrania-observador","status":"publish","type":"post","link":"https:\/\/www.europesays.com\/pt\/158654\/","title":{"rendered":"Marques Mendes bate Ant\u00f3nio Filipe com tema fatal da Ucr\u00e2nia \u2013 Observador"},"content":{"rendered":"<p class=\"special-bullet\"><strong>Alexandra Machado <\/strong>\u2014 Lu\u00eds Marques Mendes estava no seu espa\u00e7o. Passou anos naquele est\u00fadio, com aquela moderadora (Clara de Sousa) e at\u00e9 naquele lado da mesa. Em algumas alturas Marques Mendes pareceu at\u00e9 que voltou a esses tempos e parece at\u00e9 um pouco estranho Marques Mendes ter tantas vezes puxado pelo seu gal\u00e3o da experi\u00eancia. Estava perante Ant\u00f3nio Filipe, com experi\u00eancia pol\u00edtica, local e parlamentar (n\u00e3o tem de facto a experi\u00eancia governativa).<\/p>\n<p>O debate foi equilibrado e civilizado. Dois candidatos em p\u00f3los diferentes, mas um verdadeiramente candidato a Presidente, outro a colocar-se como dirigente do PCP. Por temas. Na legisla\u00e7\u00e3o laboral, Ant\u00f3nio Filipe acabou a dizer que, no final do dia, acabaria por ser \u201cobrigado a promulgar\u201d, depois de esgotados os expedientes \u2013 e at\u00e9 introduziu a necessidade do Presidente escrever ao Parlamento para usar a sua magistratura de influ\u00eancia (Marques Mendes acabou, mais \u00e0 frente, por dizer tamb\u00e9m que \u00e9 preciso usar mais essa figura). Mas enquanto candidato a Presidente, Ant\u00f3nio Filipe colocou-se num lado: \u201cSou o candidato dos trabalhadores\u201d. Marques Mendes foi mais cauteloso, e voltou a dar o pux\u00e3o de orelhas ao Governo que hostilizou a UGT. Marques Mendes chamou a UGT para a resolu\u00e7\u00e3o do conflito. O candidato \u00e0 direita, neste tema, perdeu quando erradamente disse que a CGTP nunca tinha assinado um acordo social, colocando esta central sindical tamb\u00e9m de lado.<\/p>\n<p>Marques Mendes tentou sempre colar Ant\u00f3nio Filipe \u00e0 \u201cfac\u00e7\u00e3o\u201d comunista. Num outro tema, o do 25 de novembro, Marques Mendes tinha espa\u00e7o para sair por cima, mas defendeu a participa\u00e7\u00e3o na cerim\u00f3nia de forma \u201cbranda\u201d. Ant\u00f3nio Filipe foi tamb\u00e9m mais assertivo no que faria em eventual deriva totalit\u00e1ria no pa\u00eds.<\/p>\n<p>Ant\u00f3nio Filipe quis levar o tema da venda da TAP ao debate, no dia em que houve buscas por causa da privatiza\u00e7\u00e3o de 2015, e tentando assim contestar essa venda e todas as outras de todas as empresas p\u00fablicas\u2026 N\u00e3o saiu bem. J\u00e1 Marques Mendes ganha pontos quando, mesmo a terminar o debate (levava o tema engatilhado), confrontou Ant\u00f3nio Filipe com o tema Ucr\u00e2nia.<\/p>\n<p>Estando a falar para eleitorados diferentes, o debate acabou por ser equilibrado. Marques Mendes era verdadeiramente o candidato presidencial e talvez por isso tenha acusado um pouco essa responsabilidade.<\/p>\n<p class=\"special-bullet\"><strong>Pedro Jorge Castro <\/strong>\u2014 Est\u00e3o a correr em pistas diferentes e nota-se. Ant\u00f3nio Filipe s\u00f3 precisa de cortar a meta a 18 de janeiro sem envergonhar o PCP, mantendo a chama da luta viva perante os cada vez menos camaradas que resistem. Marques Mendes tem de suar tudo para chegar penteado e cheio de genica \u2014 e tentar continuar a dar mais uma volta \u00e0 pista. E mostrou que est\u00e1 em forma para isso.<\/p>\n<p>Tinha muito a perder: basta uma gaffe ou um deslize para p\u00f4r em causa as suas hip\u00f3teses. Acabou por ganhar, com golpes fatais que desferiu em Ant\u00f3nio Filipe, na falta de sentido de Estado em rela\u00e7\u00e3o \u00e0 forma como se pronuncia sobre o c\u00f3digo laboral, a celebra\u00e7\u00e3o do 25 de novembro e a guerra na Ucr\u00e2nia (deixando o oponente a gaguejar sibilantes quando lhe perguntou se apelava a Putin para recuar na invas\u00e3o ao pa\u00eds de Zelensky).<\/p>\n<p>A \u00fanica coisa que n\u00e3o correu bem a Marques Mendes \u2014 neste cen\u00e1rio com Clara de Sousa \u2014 foi fazer lembrar os seus anos de comentador, o que pode repelir quem n\u00e3o queira agora um Presidente parecido com Marcelo. Mas em compara\u00e7\u00e3o com o duelo da v\u00e9spera foi um debate que decorreu com tanta eleva\u00e7\u00e3o que at\u00e9 Ant\u00f3nio Filipe merece nota positiva pela forma.<\/p>\n<p class=\"special-bullet\"><strong>Miguel Santos Carrapatoso <\/strong>\u2014 Realisticamente, Lu\u00eds Marques Mendes \u00e9 de facto candidato \u00e0 Presid\u00eancia da Rep\u00fablica; Ant\u00f3nio Filipe n\u00e3o \u00e9. O social-democrata tem uma miss\u00e3o: aproveitar o vento que sopra a favor da AD e crescer a partir da\u00ed. O comunista tem outra tarefa: impedir a implos\u00e3o do PCP. O verdadeiro advers\u00e1rio de Marques Mendes \u00e9 Henrique Gouveia e Melo; o verdadeiro advers\u00e1rio de Ant\u00f3nio Filipe \u00e9 o centrismo de Ant\u00f3nio Jos\u00e9 Seguro. Tudo somado, um e outro conseguiram os objetivos a que se propunham. Mendes conseguiu apelar ao grande centr\u00e3o sem arrepiar muito a direita \u2014 a forma como defendeu o 25 de Novembro foi especialmente bem conseguida. Ant\u00f3nio Filipe mostrou-se um homem convictamente de esquerda e com a cabe\u00e7a no s\u00edtio onde a esquerda deve ter a cabe\u00e7a: na vida real das pessoas. Viu-se v\u00edtima de um xeque-mate na quest\u00e3o da Ucr\u00e2nia porque, enfim, o PCP n\u00e3o consegue sair dali. Chega a ser confrangedor. Quanto \u00e0 forma, Lu\u00eds Marques Mendes provou o porqu\u00ea de n\u00e3o poder ser subestimado \u2014 os anos de televis\u00e3o d\u00e3o outra tarimba. \u201cDan\u00e7a como uma borboleta e pica como uma abelha.\u201d Ant\u00f3nio Filipe, por sua vez, mostrou-se capaz de defender as suas ideias sem nunca passar a linha da intoler\u00e2ncia democr\u00e1tica \u2014 veja-se a forma racional como abordou a quest\u00e3o que tanto tem animado uma parte da esquerda pueril sobre dar ou n\u00e3o posse a um governo do Chega. O povo \u00e9 soberano, lembrou o comunista aos, porventura, mais distra\u00eddos candidatos da esquerda. Foi um bom jogo de aquecimento para ambos. Mendes s\u00f3 ser\u00e1 verdadeiramente testado com Andr\u00e9 Ventura e Cotrim de Figueiredo e ter\u00e1 de ser claramente superior a Gouveia e Melo. Ant\u00f3nio Filipe ter\u00e1 de derrotar Catarina Martins e Jorge Pinto e tentar puxar Ant\u00f3nio Jos\u00e9 Seguro para o campo da esquerda. N\u00e3o t\u00eam caminhos f\u00e1ceis.<\/p>\n<p class=\"special-bullet\"><strong>Rui Pedro Antunes <\/strong>\u2014 Marques Mendes e Ant\u00f3nio Filipe n\u00e3o disputavam votos, mas mostravam-se pela primeira vez aos respetivos eleitorados. E, nos debates, como na pol\u00edtica, n\u00e3o h\u00e1 uma segunda oportunidade para causar uma boa primeira impress\u00e3o. O candidato apoiado pelo PSD foi o mais seguro, mostrando uma confian\u00e7a t\u00edpica de quem jogava em casa. E, de facto, jogava. O est\u00fadio de televis\u00e3o \u00e9 o seu habitat natural como pol\u00edtico (onde teve mais sucesso do que na vida pol\u00edtico-partid\u00e1ria) e isso ficou absolutamente claro. Neste debate at\u00e9 houve a coincid\u00eancia de a mesa e a moderadora ser a mesma que o acompanhou no passado como campe\u00e3o de audi\u00eancias ao domingo. Foi um bom teste de ensaio para enfrentar os advers\u00e1rios que tem, necessariamente, de bater em canal aberto. Al\u00e9m disso, Ant\u00f3nio Filipe at\u00e9 foi eficaz a colar Mendes ao Governo, mas o ex-l\u00edder do PSD nada fez para se afastar dessa imagem. E bem: ser o \u201ccandidato do Governo\u201d, como acusou o comunista, \u00e9 neste momento uma vantagem. At\u00e9 o tema da cerim\u00f3nia do 25 de Novembro n\u00e3o podia ter corrido melhor para Marques Mendes, que p\u00f4de jogar em dois tabuleiros: por um lado piscar o olho \u00e0 direita ao defender a cerim\u00f3nia; e, por outro, ao hierarquizar o 25 de Abril como a data mais importante, n\u00e3o afastando o centro-esquerda. Nessa mat\u00e9ria, Ant\u00f3nio Filipe at\u00e9 disse algo desnecess\u00e1rio e que irritar\u00e1 muitos dos militantes mais ortodoxos do PCP: que tem como apoiante um subscritor do Documento dos 9. Mas o knock out final de Mendes a Ant\u00f3nio Filipe foi quando chegou o tema da Ucr\u00e2nia, reduzindo desde logo o argumento de Ant\u00f3nio Filipe sobre o conflito ao de miss mundo: \u201cA paz queremos todos\u201d, atirou Mendes. E, de seguida, com habilidade pol\u00edtica, o social-democrata conseguiu colocar o comunista a recusar-se a fazer um apelo a Putin para sair da Ucr\u00e2nia. Ant\u00f3nio Filipe at\u00e9 pode ter raz\u00e3o ao dizer que esse \u00e9 um \u201capelo simplista\u201d \u2014 j\u00e1 que \u00e9 pol\u00edtica e militarmente invi\u00e1vel a R\u00fassia sair de certas \u00e1reas ultra pr\u00f3-russas do Donbass \u2014 mas o candidato apoiado pelo PSD atingia o objetivo de colocar o advers\u00e1rio do lado de Moscovo. O comunista n\u00e3o ter\u00e1, \u00e9 certo, perdido nenhum voto comunista. Nem teve sequer uma noite desastrosa. Mas h\u00e1 pouco por onde crescer, al\u00e9m de a esquerda estar fragmentada em v\u00e1rias op\u00e7\u00f5es, do BE a Seguro. A juntar a isso, o comunista fez pouco para se afastar de alguma dial\u00e9tica anacr\u00f3nica que prejudica o PCP. Apanhou Mendes a faltar \u00e0 verdade (sobre a CGTP), mas nem isso beliscou uma vit\u00f3ria clara do social-democrata.<\/p>\n","protected":false},"excerpt":{"rendered":"Alexandra Machado \u2014 Lu\u00eds Marques Mendes estava no seu espa\u00e7o. Passou anos naquele est\u00fadio, com aquela moderadora (Clara&hellip;\n","protected":false},"author":2,"featured_media":158655,"comment_status":"","ping_status":"","sticky":false,"template":"","format":"standard","meta":{"footnotes":""},"categories":[10],"tags":[27,28,14074,1077,15,16,14,25,26,7604,21,22,12,13,19,20,57,3596,302,32,1076,23,24,33,58,17,18,29,30,31],"class_list":{"0":"post-158654","1":"post","2":"type-post","3":"status-publish","4":"format-standard","5":"has-post-thumbnail","7":"category-portugal","8":"tag-breaking-news","9":"tag-breakingnews","10":"tag-debate","11":"tag-eleiu00e7u00f5es","12":"tag-featured-news","13":"tag-featurednews","14":"tag-headlines","15":"tag-latest-news","16":"tag-latestnews","17":"tag-luu00eds-marques-mendes","18":"tag-main-news","19":"tag-mainnews","20":"tag-news","21":"tag-noticias","22":"tag-noticias-principais","23":"tag-noticiasprincipais","24":"tag-pau00eds","25":"tag-pcp","26":"tag-polu00edtica","27":"tag-portugal","28":"tag-presidenciais-2026","29":"tag-principais-noticias","30":"tag-principaisnoticias","31":"tag-pt","32":"tag-sociedade","33":"tag-top-stories","34":"tag-topstories","35":"tag-ultimas","36":"tag-ultimas-noticias","37":"tag-ultimasnoticias"},"share_on_mastodon":{"url":"https:\/\/pubeurope.com\/@pt\/115581533679463437","error":""},"_links":{"self":[{"href":"https:\/\/www.europesays.com\/pt\/wp-json\/wp\/v2\/posts\/158654","targetHints":{"allow":["GET"]}}],"collection":[{"href":"https:\/\/www.europesays.com\/pt\/wp-json\/wp\/v2\/posts"}],"about":[{"href":"https:\/\/www.europesays.com\/pt\/wp-json\/wp\/v2\/types\/post"}],"author":[{"embeddable":true,"href":"https:\/\/www.europesays.com\/pt\/wp-json\/wp\/v2\/users\/2"}],"replies":[{"embeddable":true,"href":"https:\/\/www.europesays.com\/pt\/wp-json\/wp\/v2\/comments?post=158654"}],"version-history":[{"count":0,"href":"https:\/\/www.europesays.com\/pt\/wp-json\/wp\/v2\/posts\/158654\/revisions"}],"wp:featuredmedia":[{"embeddable":true,"href":"https:\/\/www.europesays.com\/pt\/wp-json\/wp\/v2\/media\/158655"}],"wp:attachment":[{"href":"https:\/\/www.europesays.com\/pt\/wp-json\/wp\/v2\/media?parent=158654"}],"wp:term":[{"taxonomy":"category","embeddable":true,"href":"https:\/\/www.europesays.com\/pt\/wp-json\/wp\/v2\/categories?post=158654"},{"taxonomy":"post_tag","embeddable":true,"href":"https:\/\/www.europesays.com\/pt\/wp-json\/wp\/v2\/tags?post=158654"}],"curies":[{"name":"wp","href":"https:\/\/api.w.org\/{rel}","templated":true}]}}