{"id":158660,"date":"2025-11-20T10:31:11","date_gmt":"2025-11-20T10:31:11","guid":{"rendered":"https:\/\/www.europesays.com\/pt\/158660\/"},"modified":"2025-11-20T10:31:11","modified_gmt":"2025-11-20T10:31:11","slug":"brasil-palmeiras-empata-em-casa-e-abel-esta-mais-longe-do-titulo","status":"publish","type":"post","link":"https:\/\/www.europesays.com\/pt\/158660\/","title":{"rendered":"Brasil: Palmeiras empata em casa e Abel est\u00e1 mais longe do t\u00edtulo"},"content":{"rendered":"<p>O Palmeiras empatou em casa e est\u00e1 mais longe do t\u00edtulo Brasileiro.<\/p>\n<p>A equipa orientada pelo t\u00e9cnico portugu\u00eas Abel Ferreira n\u00e3o foi al\u00e9m de um nulo frente ao aflito Vit\u00f3ria, da Bahia, e pode ver escapar o l\u00edder Flamengo, que esta madrugada defronta o rival Fluminense, no Maracan\u00e3.<\/p>\n<p>A jogar no Allianz Parque, a equipa de Abel dominou o jogo todo, com mais do dobro da posse de bola (71%-29%) e mais do qu\u00edntuplo dos remates (21-4), mas n\u00e3o conseguiu concretizar a supremacia em golos.<\/p>\n<p>Assim sendo, depois de duas derrotas consecutivas, frente a Santos e Mirassol, que deixaram escapar o comando, o \u00abVerd\u00e3o\u00bb averbou o terceiro jogo sem vencer, tendo somado apenas um ponto em nove poss\u00edveis nas tr\u00eas \u00faltimas jornadas.<\/p>\n<p>Assim sendo, o Flamengo lidera com dois pontos de vantagem e pode aumentar para cinco, caso ven\u00e7a o rival carioca, quando faltam disputar quatro jogos no Brasileir\u00e3o.<\/p>\n<p>Os paulistas t\u00eam tamb\u00e9m o Meng\u00e3o como advers\u00e1rio na final da Ta\u00e7a Libertadores da Am\u00e9rica, que se disputa a 29 de novembro, em Lima, no Peru.<\/p>\n","protected":false},"excerpt":{"rendered":"O Palmeiras empatou em casa e est\u00e1 mais longe do t\u00edtulo Brasileiro. A equipa orientada pelo t\u00e9cnico portugu\u00eas&hellip;\n","protected":false},"author":2,"featured_media":158661,"comment_status":"","ping_status":"","sticky":false,"template":"","format":"standard","meta":{"footnotes":""},"categories":[87],"tags":[3506,1126,726,1620,135,82,46,1621,32,33,47,134,1698],"class_list":{"0":"post-158660","1":"post","2":"type-post","3":"status-publish","4":"format-standard","5":"has-post-thumbnail","7":"category-desporto","8":"tag-abel-ferreira","9":"tag-america-do-sul","10":"tag-brasil","11":"tag-brasileirao","12":"tag-desporto","13":"tag-internacional","14":"tag-maisfutebol","15":"tag-palmeiras","16":"tag-portugal","17":"tag-pt","18":"tag-pura-paixao","19":"tag-sports","20":"tag-vitoria"},"share_on_mastodon":{"url":"https:\/\/pubeurope.com\/@pt\/115581569400533966","error":""},"_links":{"self":[{"href":"https:\/\/www.europesays.com\/pt\/wp-json\/wp\/v2\/posts\/158660","targetHints":{"allow":["GET"]}}],"collection":[{"href":"https:\/\/www.europesays.com\/pt\/wp-json\/wp\/v2\/posts"}],"about":[{"href":"https:\/\/www.europesays.com\/pt\/wp-json\/wp\/v2\/types\/post"}],"author":[{"embeddable":true,"href":"https:\/\/www.europesays.com\/pt\/wp-json\/wp\/v2\/users\/2"}],"replies":[{"embeddable":true,"href":"https:\/\/www.europesays.com\/pt\/wp-json\/wp\/v2\/comments?post=158660"}],"version-history":[{"count":0,"href":"https:\/\/www.europesays.com\/pt\/wp-json\/wp\/v2\/posts\/158660\/revisions"}],"wp:featuredmedia":[{"embeddable":true,"href":"https:\/\/www.europesays.com\/pt\/wp-json\/wp\/v2\/media\/158661"}],"wp:attachment":[{"href":"https:\/\/www.europesays.com\/pt\/wp-json\/wp\/v2\/media?parent=158660"}],"wp:term":[{"taxonomy":"category","embeddable":true,"href":"https:\/\/www.europesays.com\/pt\/wp-json\/wp\/v2\/categories?post=158660"},{"taxonomy":"post_tag","embeddable":true,"href":"https:\/\/www.europesays.com\/pt\/wp-json\/wp\/v2\/tags?post=158660"}],"curies":[{"name":"wp","href":"https:\/\/api.w.org\/{rel}","templated":true}]}}