{"id":158703,"date":"2025-11-20T11:11:05","date_gmt":"2025-11-20T11:11:05","guid":{"rendered":"https:\/\/www.europesays.com\/pt\/158703\/"},"modified":"2025-11-20T11:11:05","modified_gmt":"2025-11-20T11:11:05","slug":"vem-ai-em-a-protegida-policia-apanha-jorge-e-clarice-novelas","status":"publish","type":"post","link":"https:\/\/www.europesays.com\/pt\/158703\/","title":{"rendered":"Vem a\u00ed em \u00abA Protegida\u00bb: Pol\u00edcia apanha Jorge e Clarice? &#8211; Novelas"},"content":{"rendered":"<p>Em \u00abA Protegida\u00bb, <a href=\"https:\/\/tvi.iol.pt\/novelas\/search?pagina=1&amp;pesquisa=alexandra+lencastre\" rel=\"nofollow noopener\" target=\"_blank\">Laura (Alexandra Lencastre)<\/a>\u00a0consulta os documentos da venda da f\u00e1brica, para tentar descobrir onde <a href=\"https:\/\/tvi.iol.pt\/novelas\/ator\/jorge-azevedo\/67ac8611d34e3f0bae9a5724\" wbo-id=\"54\" rel=\"nofollow noopener\" target=\"_blank\">Jorge (Paulo Pires<\/a>) e <a href=\"https:\/\/tvi.iol.pt\/novelas\/ator\/clarice-azevedo\/67ac86eed34e3f0bae9a5732\" rel=\"nofollow noopener\" target=\"_blank\">Clarice (Fernanda Serrano)<\/a>\u00a0podem estar escondidos. Laura diz que eles n\u00e3o podem ter ido muito longe e lembra-se de outra hip\u00f3tese.<\/p>\n<p>Clarice v\u00ea uma foto dos filhos e questiona-se por onde andar\u00e3o eles. Tocam \u00e0 campainha e Clarice vai abrir. \u00c9 um dos pol\u00edcias que esteve no restaurante e pergunta por Clarice. Ela disfar\u00e7a a tens\u00e3o e diz que \u00e9 a pr\u00f3pria.<\/p>\n<p>O pol\u00edcia diz que Jorge e Clarice foram vistos no restaurante &#8220;Flores&#8221;. Clarice confirma que esteve l\u00e1 com Jorge, mas n\u00e3o sabe onde ele est\u00e1.<\/p>\n<p>O Pol\u00edcia quer revistar a casa, mas Clarice garante que n\u00e3o est\u00e1 ningu\u00e9m em casa e apressa-se a sair para a rua.<\/p>\n<p>Recorde-se que, h\u00e1 dois anos, Jorge desfalcou Laura e divorciou-se dela:<\/p>\n","protected":false},"excerpt":{"rendered":"Em \u00abA Protegida\u00bb, Laura (Alexandra Lencastre)\u00a0consulta os documentos da venda da f\u00e1brica, para tentar descobrir onde Jorge (Paulo&hellip;\n","protected":false},"author":2,"featured_media":158704,"comment_status":"","ping_status":"","sticky":false,"template":"","format":"standard","meta":{"footnotes":"","_share_on_mastodon":"0"},"categories":[142],"tags":[168,882,160,7591,166,114,115,1408,157,167,886,164,161,158,883,165,159,32,33,156,163,151,162],"class_list":["post-158703","post","type-post","status-publish","format-standard","has-post-thumbnail","category-tv","tag-a-protegida","tag-alexandra-lencastre","tag-ana-guiomar","tag-clarice","tag-cristina-ferreira","tag-entertainment","tag-entretenimento","tag-fernanda-serrano","tag-festa-e-festa","tag-ficcao","tag-jorge","tag-jose-fidalgo","tag-novelas","tag-para-sempre","tag-paulo-pires","tag-pedro-sousa","tag-pedro-teixeira","tag-portugal","tag-pt","tag-queridos-papas","tag-tiago-teotonio-pereira","tag-tv","tag-tvi"],"share_on_mastodon":{"url":"https:\/\/pubeurope.com\/@pt\/115581726455806529","error":""},"_links":{"self":[{"href":"https:\/\/www.europesays.com\/pt\/wp-json\/wp\/v2\/posts\/158703","targetHints":{"allow":["GET"]}}],"collection":[{"href":"https:\/\/www.europesays.com\/pt\/wp-json\/wp\/v2\/posts"}],"about":[{"href":"https:\/\/www.europesays.com\/pt\/wp-json\/wp\/v2\/types\/post"}],"author":[{"embeddable":true,"href":"https:\/\/www.europesays.com\/pt\/wp-json\/wp\/v2\/users\/2"}],"replies":[{"embeddable":true,"href":"https:\/\/www.europesays.com\/pt\/wp-json\/wp\/v2\/comments?post=158703"}],"version-history":[{"count":0,"href":"https:\/\/www.europesays.com\/pt\/wp-json\/wp\/v2\/posts\/158703\/revisions"}],"wp:featuredmedia":[{"embeddable":true,"href":"https:\/\/www.europesays.com\/pt\/wp-json\/wp\/v2\/media\/158704"}],"wp:attachment":[{"href":"https:\/\/www.europesays.com\/pt\/wp-json\/wp\/v2\/media?parent=158703"}],"wp:term":[{"taxonomy":"category","embeddable":true,"href":"https:\/\/www.europesays.com\/pt\/wp-json\/wp\/v2\/categories?post=158703"},{"taxonomy":"post_tag","embeddable":true,"href":"https:\/\/www.europesays.com\/pt\/wp-json\/wp\/v2\/tags?post=158703"}],"curies":[{"name":"wp","href":"https:\/\/api.w.org\/{rel}","templated":true}]}}