{"id":158711,"date":"2025-11-20T11:19:20","date_gmt":"2025-11-20T11:19:20","guid":{"rendered":"https:\/\/www.europesays.com\/pt\/158711\/"},"modified":"2025-11-20T11:19:20","modified_gmt":"2025-11-20T11:19:20","slug":"um-roubo-genial-eis-a-primeira-prova-de-que-os-lobos-tambem-usam-ferramentas","status":"publish","type":"post","link":"https:\/\/www.europesays.com\/pt\/158711\/","title":{"rendered":"Um roubo genial: eis a primeira prova de que os lobos tamb\u00e9m usam ferramentas"},"content":{"rendered":"<p class=\"wp-caption-text top\"><a href=\"https:\/\/www.flickr.com\/photos\/hellie55\/11006866076\/sizes\/l\/\" rel=\"nofollow external noopener noreferrer\" data-wpel-link=\"external\" target=\"_blank\" class=\"ext-link\">hellie55 \/ Flickr <\/a><\/p>\n<p><img decoding=\"async\" loading=\"lazy\" class=\"wp-image-284682 size-kopa-image-size-3\" src=\"https:\/\/www.europesays.com\/pt\/wp-content\/uploads\/2025\/11\/67029bfd4c066d3c11fbc1131725532d-783x450.jpg\" alt=\"\" width=\"700\" height=\"402\"  \/><\/p>\n<p><strong>Aquilo que era um problema de caranguejos verdes europeus invasores revelou um comportamento completamente inesperado por parte dos lobos das redondezas.<\/strong><\/p>\n<p>Investigadores canadianos, que h\u00e1 anos monitorizam a esp\u00e9cie para controlar a popula\u00e7\u00e3o de caranguejos, registaram, na Col\u00fambia Brit\u00e2nica, lobos a manipular armadilhas de caranguejo de uma forma estrat\u00e9gica nunca antes vista na esp\u00e9cie. com recurso a <strong>ferramentas<\/strong>.<\/p>\n<p>O fen\u00f3meno foi captado por c\u00e2maras remotas instaladas para identificar quem furtava a isca das armadilhas. Em poucos minutos, uma loba nadou at\u00e9 \u00e0 praia com uma armadilha na boca e levantou a boia, arrastou a linha at\u00e9 a armadilha emergir parcialmente da \u00e1gua e abriu-a para aceder \u00e0 isca. Tudo como se soubesse exatamente desde o in\u00edcio o que tinha de fazer. E assim, <strong>tr\u00eas minutos desafiaram tudo<\/strong> o que aprendemos durante d\u00e9cadas sobre o comportamento destes animais.<\/p>\n<p>O estudo, <a href=\"https:\/\/onlinelibrary.wiley.com\/doi\/10.1002\/ece3.72348\" data-wpel-link=\"external\" target=\"_blank\" rel=\"nofollow external noopener noreferrer\" class=\"ext-link\">publicado<\/a> a 17 de novembro na revista Ecology and Evolution, descreve este comportamento como um <strong>\u201cpotencial uso de ferramenta\u201d<\/strong>, dado que ainda n\u00e3o se sabe se se trata de um fen\u00f3meno isolado ou se \u00e9 generalizado entre os lobos da regi\u00e3o. A investiga\u00e7\u00e3o aponta que, para j\u00e1, foram observados pelo menos dois lobos capazes de identificar e abrir armadilhas para aceder \u00e0 isca, mas como o fazem permanece um grande mist\u00e9rio.<\/p>\n<p>Mas\u2026 como? H\u00e1 duas hip\u00f3teses<\/p>\n<p>Uma das hip\u00f3teses dos investigadores \u00e9 que os lobos podem ter aprendido observando os guardi\u00f5es da na\u00e7\u00e3o Ha\u00ed\u026bzaqv, que retiram as armadilhas levantando-as verticalmente da \u00e1gua, adianta o <a href=\"https:\/\/gizmodo.com\/watch-this-wolf-pull-off-an-absolutely-genius-crab-trap-heist-2000687713\" data-wpel-link=\"external\" target=\"_blank\" rel=\"nofollow external noopener noreferrer\" class=\"ext-link\">Gizmodo<\/a>. Os lobos podem ter replicado esta a\u00e7\u00e3o, mas horizontalmente, arrastando as armadilhas at\u00e9 \u00e0 praia. Outra possibilidade \u00e9 que tenham compreendido os padr\u00f5es das mar\u00e9s, aproveitando-se do facto de as armadilhas surgirem s\u00f3 em determinadas alturas.<\/p>\n<p>O comportamento sofisticado destes lobos, numa \u00e1rea com m\u00ednima presen\u00e7a humana, levanta quest\u00f5es sobre o impacto da atividade humana na intelig\u00eancia animal e na gest\u00e3o de esp\u00e9cies invasoras. Os investigadores sugerem que a aus\u00eancia de persegui\u00e7\u00e3o humana pode ter permitido o desenvolvimento desta estrat\u00e9gia complexa, questionando tamb\u00e9m perce\u00e7\u00f5es tradicionais negativas sobre os lobos.<\/p>\n<p>    <a href=\"https:\/\/zap.aeiou.pt\/subscrever-newsletter\" data-wpel-link=\"internal\" rel=\"nofollow noopener\" target=\"_blank\">&#13;<br \/>\n        <img loading=\"lazy\" decoding=\"async\" class=\"aligncenter size-full wp-image-575475\" src=\"https:\/\/www.europesays.com\/pt\/wp-content\/uploads\/2025\/11\/2d51fe4a0ba54894421ead1809309ed9-1-450x140.jpg\" alt=\"Subscreva a Newsletter ZAP\" width=\"450\" height=\"140\"\/>&#13;<br \/>\n    <\/a><\/p>\n<p>                <a href=\"https:\/\/whatsapp.com\/channel\/0029VaIC4EE2f3EJZPPSbR34\" data-wpel-link=\"external\" target=\"_blank\" rel=\"nofollow external noopener noreferrer\" class=\"ext-link\">&#13;<br \/>\n                    <img loading=\"lazy\" decoding=\"async\" class=\"aligncenter size-full wp-image-575475\" src=\"https:\/\/www.europesays.com\/pt\/wp-content\/uploads\/2025\/11\/c68c559d956d4ca20f435ed74a6e71e6.png\" alt=\"Siga-nos no WhatsApp\" width=\"175\" height=\"64\"\/>&#13;<br \/>\n                <\/a><\/p>\n<p>                <a href=\"https:\/\/news.google.com\/publications\/CAAiEHRwZondIV71PDjWNoqMduEqFAgKIhB0cGaJ3SFe9Tw41jaKjHbh?hl=en-US&amp;gl=US&amp;ceid=US%3Aen\" data-wpel-link=\"external\" target=\"_blank\" rel=\"nofollow external noopener noreferrer\" class=\"ext-link\">&#13;<br \/>\n                    <img loading=\"lazy\" decoding=\"async\" class=\"aligncenter size-full wp-image-575475\" src=\"https:\/\/www.europesays.com\/pt\/wp-content\/uploads\/2025\/11\/5123dd8b087b644fdb8f8603acd1bad4.png\" alt=\"Siga-nos no Google News\" width=\"176\" height=\"64\"\/>&#13;<br \/>\n                <\/a><\/p>\n","protected":false},"excerpt":{"rendered":"hellie55 \/ Flickr Aquilo que era um problema de caranguejos verdes europeus invasores revelou um comportamento completamente inesperado&hellip;\n","protected":false},"author":2,"featured_media":158712,"comment_status":"","ping_status":"","sticky":false,"template":"","format":"standard","meta":{"footnotes":""},"categories":[50],"tags":[1353,4614,27,28,2965,23886,5407,15,16,14,25,26,21,22,62,12,13,19,20,23,24,17,18,29,30,31,63,64,65],"class_list":{"0":"post-158711","1":"post","2":"type-post","3":"status-publish","4":"format-standard","5":"has-post-thumbnail","7":"category-mundo","8":"tag-animais","9":"tag-biologia","10":"tag-breaking-news","11":"tag-breakingnews","12":"tag-canada","13":"tag-etologia","14":"tag-evolucao","15":"tag-featured-news","16":"tag-featurednews","17":"tag-headlines","18":"tag-latest-news","19":"tag-latestnews","20":"tag-main-news","21":"tag-mainnews","22":"tag-mundo","23":"tag-news","24":"tag-noticias","25":"tag-noticias-principais","26":"tag-noticiasprincipais","27":"tag-principais-noticias","28":"tag-principaisnoticias","29":"tag-top-stories","30":"tag-topstories","31":"tag-ultimas","32":"tag-ultimas-noticias","33":"tag-ultimasnoticias","34":"tag-world","35":"tag-world-news","36":"tag-worldnews"},"share_on_mastodon":{"url":"https:\/\/pubeurope.com\/@pt\/115581758518984283","error":""},"_links":{"self":[{"href":"https:\/\/www.europesays.com\/pt\/wp-json\/wp\/v2\/posts\/158711","targetHints":{"allow":["GET"]}}],"collection":[{"href":"https:\/\/www.europesays.com\/pt\/wp-json\/wp\/v2\/posts"}],"about":[{"href":"https:\/\/www.europesays.com\/pt\/wp-json\/wp\/v2\/types\/post"}],"author":[{"embeddable":true,"href":"https:\/\/www.europesays.com\/pt\/wp-json\/wp\/v2\/users\/2"}],"replies":[{"embeddable":true,"href":"https:\/\/www.europesays.com\/pt\/wp-json\/wp\/v2\/comments?post=158711"}],"version-history":[{"count":0,"href":"https:\/\/www.europesays.com\/pt\/wp-json\/wp\/v2\/posts\/158711\/revisions"}],"wp:featuredmedia":[{"embeddable":true,"href":"https:\/\/www.europesays.com\/pt\/wp-json\/wp\/v2\/media\/158712"}],"wp:attachment":[{"href":"https:\/\/www.europesays.com\/pt\/wp-json\/wp\/v2\/media?parent=158711"}],"wp:term":[{"taxonomy":"category","embeddable":true,"href":"https:\/\/www.europesays.com\/pt\/wp-json\/wp\/v2\/categories?post=158711"},{"taxonomy":"post_tag","embeddable":true,"href":"https:\/\/www.europesays.com\/pt\/wp-json\/wp\/v2\/tags?post=158711"}],"curies":[{"name":"wp","href":"https:\/\/api.w.org\/{rel}","templated":true}]}}