{"id":158714,"date":"2025-11-20T11:21:11","date_gmt":"2025-11-20T11:21:11","guid":{"rendered":"https:\/\/www.europesays.com\/pt\/158714\/"},"modified":"2025-11-20T11:21:11","modified_gmt":"2025-11-20T11:21:11","slug":"parlamento-comeca-a-debater-e-votar-propostas-do-orcamento-do-estado-para-2026","status":"publish","type":"post","link":"https:\/\/www.europesays.com\/pt\/158714\/","title":{"rendered":"Parlamento come\u00e7a a debater e votar propostas do Or\u00e7amento do Estado para 2026"},"content":{"rendered":"<p>                <b>O parlamento vai come\u00e7ar a debater, durante a manh\u00e3, e a votar nos artigos e nas propostas de altera\u00e7\u00e3o do Or\u00e7amento, ponto a ponto. <\/b>A vota\u00e7\u00e3o final \u00e9 s\u00f3 dia 27 de novembro e este ano o n\u00famero de propostas entregues pelos partidos voltaram a bater recordes.<\/p>\n<p><b>S\u00e3o 2.176 propostas de altera\u00e7\u00e3o, que os partidos entregaram at\u00e9 \u00e0 data limite<\/b>. O PSD\/CDS-PP, coliga\u00e7\u00e3o que forma o Governo, entregou 57 propostas, o Chega 614, o Partido Socialista 117, a Iniciativa Liberal 112, o Livre 330, o PCP 532, o Bloco de Esquerda 182, o PAN tamb\u00e9m 182 e o JPP 50.PS e Chega querem altera\u00e7\u00f5es nas pens\u00f5es e portagens<br \/>&#13;<br \/>\nEntre as propostas de altera\u00e7\u00e3o destacam-se medidas relacionadas com o aumento das pens\u00f5es, com propostas de quase todos os partidos, e o fim ou isen\u00e7\u00e3o de algumas portagens. <b>Os dois maiores partidos da oposi\u00e7\u00e3o submeteram centenas de propostas de altera\u00e7\u00e3o ao Or\u00e7amento do Estado para 2026, algumas com possibilidade de aprova\u00e7\u00e3o \u00e0 revelia de PSD e CDS-PP.<br \/>&#13;<br \/>\n<\/b>&#13;<br \/>\n<br \/>&#13;<br \/>\nNas pens\u00f5es, o Chega pede um consenso entre os tr\u00eas maiores partidos para viabilizar um novo aumento permanente das pens\u00f5es, propondo uma subida adicional de 1,5 por cento nas reformas at\u00e9 1 567,50 euros, al\u00e9m do que est\u00e1 previsto por lei. J\u00e1 o PS anunciou uma proposta diferente: pede um eventual suplemento extraordin\u00e1rio a pagar em 2026 aos reformados seja convertido num aumento permanente, para permitir que conte para a forma\u00e7\u00e3o da pens\u00e3o de 2027.<\/p>\n<p><b>Este anos, Chega e PS voltam a insistir na elimina\u00e7\u00e3o das portagens, novamente contra a posi\u00e7\u00e3o do Governo, que j\u00e1 disse opor-se a qualquer fim de portagens. <\/b><\/p>\n<p>O Chega leva v\u00e1rias propostas a discuss\u00e3o para isentar determinados tro\u00e7os de autoestradas, mas apresentou uma iniciativa que prev\u00ea, ao longo de 2026, um plano faseado de redu\u00e7\u00e3o e gratuitidade progressiva de portagens em todo o pa\u00eds.<\/p>\n<p>O PS n\u00e3o se estende tanto, mas prop\u00f5e a isen\u00e7\u00e3o de portagens na autoestrada A6 e nos tro\u00e7os da A2 que servem o Alentejo para residentes e empresas com sede na regi\u00e3o, al\u00e9m da suspens\u00e3o tempor\u00e1ria das portagens para pesados na A41, A19 e A8 enquanto s\u00e3o realizados estudos sobre congestionamento e modelos futuros de financiamento da rede rodovi\u00e1ria.<\/p>\n<p>Com PSD e CDS-PP fora das contas para aprovar propostas da oposi\u00e7\u00e3o, ser\u00e1 necess\u00e1rio o apoio simult\u00e2neo das bancadas do Chega e do PS para fazer passar qualquer altera\u00e7\u00e3o ao Or\u00e7amento no processo de discuss\u00e3o na especialidade que arranca esta quinta-feira.<\/p>\n<p>          <img decoding=\"async\" itemprop=\"image\" class=\"img-fluid\"   src=\"https:\/\/www.europesays.com\/pt\/wp-content\/uploads\/2025\/11\/1763637671_123_bg_playeraudio_5.jpg\"\/><\/p>\n<p>O Governo entregou a 9 de outubro no parlamento o OE2026, na v\u00e9spera do prazo limite e tr\u00eas dias antes das elei\u00e7\u00f5es aut\u00e1rquicas.<\/p>\n<p>No cen\u00e1rio macroecon\u00f3mico, o Governo prev\u00ea que o Produto Interno Bruto (PIB) cres\u00e7a 2 pr cento neste ano e 2,3 por cento em 2026. O executivo pretende alcan\u00e7ar excedentes de 0,3 por cento do PIB neste ano e de 0,1 por cento no pr\u00f3ximo. <\/p>\n<p>&#13;<br \/>\nA proposta foi aprovada na generalidade em 28 de outubro, com os votos favor\u00e1veis do PSD e CDS-PP, a absten\u00e7\u00e3o do PS, PAN e JPP e os votos contra do Chega, PCP, IL, Livre e BE.&#13;\n<\/p>\n<p>&#13;<br \/>\nC\/Lusa&#13;<\/p>\n","protected":false},"excerpt":{"rendered":"O parlamento vai come\u00e7ar a debater, durante a manh\u00e3, e a votar nos artigos e nas propostas de&hellip;\n","protected":false},"author":2,"featured_media":158715,"comment_status":"","ping_status":"","sticky":false,"template":"","format":"standard","meta":{"footnotes":""},"categories":[8],"tags":[27,28,15,16,14,25,26,21,22,12,13,19,20,32,23,24,33,420,421,17,18,29,30,31],"class_list":{"0":"post-158714","1":"post","2":"type-post","3":"status-publish","4":"format-standard","5":"has-post-thumbnail","7":"category-principais-noticias","8":"tag-breaking-news","9":"tag-breakingnews","10":"tag-featured-news","11":"tag-featurednews","12":"tag-headlines","13":"tag-latest-news","14":"tag-latestnews","15":"tag-main-news","16":"tag-mainnews","17":"tag-news","18":"tag-noticias","19":"tag-noticias-principais","20":"tag-noticiasprincipais","21":"tag-portugal","22":"tag-principais-noticias","23":"tag-principaisnoticias","24":"tag-pt","25":"tag-rtp","26":"tag-rtp-noticias","27":"tag-top-stories","28":"tag-topstories","29":"tag-ultimas","30":"tag-ultimas-noticias","31":"tag-ultimasnoticias"},"share_on_mastodon":{"url":"https:\/\/pubeurope.com\/@pt\/115581766272248366","error":""},"_links":{"self":[{"href":"https:\/\/www.europesays.com\/pt\/wp-json\/wp\/v2\/posts\/158714","targetHints":{"allow":["GET"]}}],"collection":[{"href":"https:\/\/www.europesays.com\/pt\/wp-json\/wp\/v2\/posts"}],"about":[{"href":"https:\/\/www.europesays.com\/pt\/wp-json\/wp\/v2\/types\/post"}],"author":[{"embeddable":true,"href":"https:\/\/www.europesays.com\/pt\/wp-json\/wp\/v2\/users\/2"}],"replies":[{"embeddable":true,"href":"https:\/\/www.europesays.com\/pt\/wp-json\/wp\/v2\/comments?post=158714"}],"version-history":[{"count":0,"href":"https:\/\/www.europesays.com\/pt\/wp-json\/wp\/v2\/posts\/158714\/revisions"}],"wp:featuredmedia":[{"embeddable":true,"href":"https:\/\/www.europesays.com\/pt\/wp-json\/wp\/v2\/media\/158715"}],"wp:attachment":[{"href":"https:\/\/www.europesays.com\/pt\/wp-json\/wp\/v2\/media?parent=158714"}],"wp:term":[{"taxonomy":"category","embeddable":true,"href":"https:\/\/www.europesays.com\/pt\/wp-json\/wp\/v2\/categories?post=158714"},{"taxonomy":"post_tag","embeddable":true,"href":"https:\/\/www.europesays.com\/pt\/wp-json\/wp\/v2\/tags?post=158714"}],"curies":[{"name":"wp","href":"https:\/\/api.w.org\/{rel}","templated":true}]}}