{"id":158718,"date":"2025-11-20T11:25:14","date_gmt":"2025-11-20T11:25:14","guid":{"rendered":"https:\/\/www.europesays.com\/pt\/158718\/"},"modified":"2025-11-20T11:25:14","modified_gmt":"2025-11-20T11:25:14","slug":"clima-de-romance-peoes-assistem-episodio-inedito-do-love-dance-em-a-fazenda-record","status":"publish","type":"post","link":"https:\/\/www.europesays.com\/pt\/158718\/","title":{"rendered":"Clima de romance! Pe\u00f5es assistem epis\u00f3dio in\u00e9dito do \u2018Love &#038; Dance\u2019 em A Fazenda \u2013 Record"},"content":{"rendered":"<p><img decoding=\"async\" data-chromatic=\"ignore\" alt=\"\" class=\"c-image\" loading=\"lazy\" src=\"https:\/\/www.europesays.com\/pt\/wp-content\/uploads\/2025\/11\/CPZ6UCLIC5FMRN3ZRBOOMLRJQE.png\"  width=\"677\" height=\"339\"\/>Pe\u00f5es se divertem com o novo epis\u00f3dio de Love &amp; Dance Reprodu\u00e7\u00e3o\/RecordPlus <\/p>\n<p class=\"jarvics:base-text-neutral-high-400 base-text-[calc(theme(fontSize.xs)_*_var(--font-size,_1))] base-font-normal base-font-primary base-text-neutral-low-500 base-text-left\">Os pe\u00f5es se reuniram no deck nesta quarta-feira (19), para assistir ao epis\u00f3dio in\u00e9dito de <a href=\"https:\/\/record.r7.com\/love-and-dance\/\" rel=\"nofollow noopener\" title=\"https:\/\/record.r7.com\/love-and-dance\/\" target=\"_blank\"><b>Love &amp; Dance<\/b><\/a>. O cineminha rural contou com pipoca, doces e muita vibra\u00e7\u00e3o dos participantes com a din\u00e2mica de romance do programa. <\/p>\n<ul class=\"b-article-body__list-unordered\">\n<li><b>Quer ficar por dentro de tudo que est\u00e1 acontecendo em\u00a0<\/b><b>A Fazenda 17<\/b><b>?\u00a0<\/b><a href=\"https:\/\/www.whatsapp.com\/channel\/0029Va2cJIR1noz2ahzX0D1N\" rel=\"nofollow noopener\" title=\"https:\/\/www.whatsapp.com\/channel\/0029Va2cJIR1noz2ahzX0D1N\" target=\"_blank\"><b>Clique aqui<\/b><\/a><b>\u00a0e fa\u00e7a parte do nosso canal no WhatsApp!<\/b><\/li>\n<\/ul>\n<p class=\"jarvics:base-text-neutral-high-400 base-text-[calc(theme(fontSize.xs)_*_var(--font-size,_1))] base-font-normal base-font-primary base-text-neutral-low-500 base-text-left\">Com apresenta\u00e7\u00e3o de Rafa Brites e Felipe Andreoli, o reality de dan\u00e7a e sedu\u00e7\u00e3o volta \u00e0 tela da <b>RECORD<\/b> no pr\u00f3ximo s\u00e1bado (22). Al\u00e9m do casal de apresentadores mais carism\u00e1ticos do pa\u00eds, a atra\u00e7\u00e3o conta com comentaristas de peso como Marisa Orth e Marco Luque, fixos na atra\u00e7\u00e3o. E logo no primeiro epis\u00f3dio, o programa recebe os irm\u00e3os ginastas Daniele e Diego Hypolito. <\/p>\n<p class=\"jarvics:base-text-neutral-high-400 base-text-[calc(theme(fontSize.xs)_*_var(--font-size,_1))] base-font-normal base-font-primary base-text-neutral-low-500 base-text-left\">Assim que chegaram ao deck, os pe\u00f5es foram direto nos comes e bebes e logo se acomodaram nos sof\u00e1s e cadeiras do espa\u00e7o. O clima de romance j\u00e1 estava no ar e alguns casais aproveitaram o momento para um cineminha a dois, <a href=\"https:\/\/record.r7.com\/a-fazenda\/a-fazenda-17\/peoes\/duda-wendling\" target=\"_blank\" rel=\"noreferrer nofollow noopener\" title=\"https:\/\/record.r7.com\/a-fazenda\/a-fazenda-17\/peoes\/duda-wendling\"><b>Duda<\/b><\/a> e <a href=\"https:\/\/record.r7.com\/a-fazenda\/a-fazenda-17\/peoes\/luiz-mesquita\" target=\"_blank\" rel=\"noreferrer nofollow noopener\" title=\"https:\/\/record.r7.com\/a-fazenda\/a-fazenda-17\/peoes\/luiz-mesquita\"><b>Mesquita<\/b><\/a>, al\u00e9m de <a href=\"https:\/\/record.r7.com\/a-fazenda\/a-fazenda-17\/peoes\/saory-cardoso\" target=\"_blank\" rel=\"noreferrer nofollow noopener\" title=\"https:\/\/record.r7.com\/a-fazenda\/a-fazenda-17\/peoes\/saory-cardoso\"><b>Saory<\/b><\/a> e <a href=\"https:\/\/record.r7.com\/a-fazenda\/a-fazenda-17\/peoes\/dudu-camargo\" target=\"_blank\" rel=\"noreferrer nofollow noopener\" title=\"https:\/\/record.r7.com\/a-fazenda\/a-fazenda-17\/peoes\/dudu-camargo\"><b>Dudu<\/b><\/a>, ficaram juntinhos curtindo a sess\u00e3o.<\/p>\n<p><b>Confira:<\/b><\/p>\n<p class=\"jarvics:base-text-neutral-high-400 base-text-[calc(theme(fontSize.xs)_*_var(--font-size,_1))] base-font-normal base-font-primary base-text-neutral-low-500 base-text-left\">Envolvidos com a atra\u00e7\u00e3o, os pe\u00f5es vibraram com os matches dos casais e se contaminaram com o clima de romance. <a href=\"https:\/\/record.r7.com\/a-fazenda\/a-fazenda-17\/peoes\/rayane-figliuzzi\" target=\"_blank\" rel=\"noreferrer nofollow noopener\" title=\"https:\/\/record.r7.com\/a-fazenda\/a-fazenda-17\/peoes\/rayane-figliuzzi\"><b>Rayane<\/b><\/a>, <a href=\"https:\/\/record.r7.com\/a-fazenda\/a-fazenda-17\/peoes\/carol-lekker\" target=\"_blank\" rel=\"noreferrer nofollow noopener\" title=\"https:\/\/record.r7.com\/a-fazenda\/a-fazenda-17\/peoes\/carol-lekker\"><b>Carol<\/b><\/a> e <a href=\"https:\/\/record.r7.com\/a-fazenda\/a-fazenda-17\/peoes\/fabiano-moraes\" target=\"_blank\" rel=\"noreferrer nofollow noopener\" title=\"https:\/\/record.r7.com\/a-fazenda\/a-fazenda-17\/peoes\/fabiano-moraes\"><b>Fabiano<\/b><\/a> aproveitaram o momento para mandarem beijos carinhosos aos parceiros que est\u00e3o na cidade grande.<\/p>\n<p class=\"jarvics:base-text-neutral-high-400 base-text-[calc(theme(fontSize.xs)_*_var(--font-size,_1))] base-font-normal base-font-primary base-text-neutral-low-500 base-text-left\">Quer curtir o novo epis\u00f3dio de Love &amp; Dance? N\u00e3o perca: o reality vai ao ar no pr\u00f3ximo s\u00e1bado (22), \u00e0s 23h, logo ap\u00f3s <a href=\"https:\/\/record.r7.com\/a-fazenda\/a-fazenda-17\/\" rel=\"nofollow noopener\" title=\"https:\/\/record.r7.com\/a-fazenda\/a-fazenda-17\/\" target=\"_blank\"><b>A Fazenda<\/b><\/a>.<\/p>\n<p class=\"jarvics:base-text-neutral-high-400 base-text-[calc(theme(fontSize.xs)_*_var(--font-size,_1))] base-font-normal base-font-primary base-text-neutral-low-500 base-text-left\">Fique ligado! <a href=\"https:\/\/record.r7.com\/a-fazenda\/a-fazenda-17\/\" rel=\"nofollow noopener\" title=\"https:\/\/record.r7.com\/a-fazenda\/a-fazenda-17\/\" target=\"_blank\"><b>A Fazenda 17<\/b><\/a> vai ao ar de segunda a domingo, \u00e0s 22h30, na tela da <a href=\"https:\/\/record.r7.com\/\" rel=\"nofollow noopener\" target=\"_blank\"><b>RECORD<\/b><\/a>. Assine o <a href=\"https:\/\/www.recordplus.com\/home\" rel=\"nofollow noopener\" title=\"https:\/\/www.recordplus.com\/home\" target=\"_blank\"><b>RecordPlus<\/b><\/a> e tenha acesso \u00e0s c\u00e2meras 24 horas.<\/p>\n<p><b>Ninjas mais famosos que pe\u00f5es de A Fazenda 17? Relembre apari\u00e7\u00f5es dos homens de preto no reality<\/b><\/p>\n<p class=\"jarvics:base-text-neutral-high-400 base-text-[calc(theme(fontSize.xxs)_*_var(--font-size,_1))] base-font-semibold base-font-primary base-text-neutral-low-500 base-text-left\">Al\u00e9m do elenco bomb\u00e1stico, a sede de A Fazenda 17 tem outros frequentadores ass\u00edduos: os ninjas! Vestidos de preto dos p\u00e9s \u00e0 cabe\u00e7a, os seguran\u00e7as do reality rural entram em a\u00e7\u00e3o quando o fogo no feno passa do limite entre os pe\u00f5es. Nesta temporada, a interven\u00e7\u00e3o vem rolando solta nas tretas; relembre!<\/p>\n<p class=\"jarvics:base-text-neutral-high-400 base-text-[calc(theme(fontSize.little)_*_var(--font-size,_1))] base-font-normal base-font-primary base-text-neutral-low-500 base-text-left\">Arte\/R7<\/p>\n","protected":false},"excerpt":{"rendered":"Pe\u00f5es se divertem com o novo epis\u00f3dio de Love &amp; Dance Reprodu\u00e7\u00e3o\/RecordPlus Os pe\u00f5es se reuniram no deck&hellip;\n","protected":false},"author":2,"featured_media":158719,"comment_status":"","ping_status":"","sticky":false,"template":"","format":"standard","meta":{"footnotes":""},"categories":[142],"tags":[657,114,115,32,33,151],"class_list":{"0":"post-158718","1":"post","2":"type-post","3":"status-publish","4":"format-standard","5":"has-post-thumbnail","7":"category-tv","8":"tag-a-fazenda","9":"tag-entertainment","10":"tag-entretenimento","11":"tag-portugal","12":"tag-pt","13":"tag-tv"},"share_on_mastodon":{"url":"https:\/\/pubeurope.com\/@pt\/115581781742274717","error":""},"_links":{"self":[{"href":"https:\/\/www.europesays.com\/pt\/wp-json\/wp\/v2\/posts\/158718","targetHints":{"allow":["GET"]}}],"collection":[{"href":"https:\/\/www.europesays.com\/pt\/wp-json\/wp\/v2\/posts"}],"about":[{"href":"https:\/\/www.europesays.com\/pt\/wp-json\/wp\/v2\/types\/post"}],"author":[{"embeddable":true,"href":"https:\/\/www.europesays.com\/pt\/wp-json\/wp\/v2\/users\/2"}],"replies":[{"embeddable":true,"href":"https:\/\/www.europesays.com\/pt\/wp-json\/wp\/v2\/comments?post=158718"}],"version-history":[{"count":0,"href":"https:\/\/www.europesays.com\/pt\/wp-json\/wp\/v2\/posts\/158718\/revisions"}],"wp:featuredmedia":[{"embeddable":true,"href":"https:\/\/www.europesays.com\/pt\/wp-json\/wp\/v2\/media\/158719"}],"wp:attachment":[{"href":"https:\/\/www.europesays.com\/pt\/wp-json\/wp\/v2\/media?parent=158718"}],"wp:term":[{"taxonomy":"category","embeddable":true,"href":"https:\/\/www.europesays.com\/pt\/wp-json\/wp\/v2\/categories?post=158718"},{"taxonomy":"post_tag","embeddable":true,"href":"https:\/\/www.europesays.com\/pt\/wp-json\/wp\/v2\/tags?post=158718"}],"curies":[{"name":"wp","href":"https:\/\/api.w.org\/{rel}","templated":true}]}}