{"id":158720,"date":"2025-11-20T11:27:09","date_gmt":"2025-11-20T11:27:09","guid":{"rendered":"https:\/\/www.europesays.com\/pt\/158720\/"},"modified":"2025-11-20T11:27:09","modified_gmt":"2025-11-20T11:27:09","slug":"pequenos-claroes-complo-e-outras-estreias-para-esta-semana-cinema","status":"publish","type":"post","link":"https:\/\/www.europesays.com\/pt\/158720\/","title":{"rendered":"Pequenos Clar\u00f5es, Compl\u00f4 e outras estreias para esta semana | Cinema"},"content":{"rendered":"<p>Isabel \u00e9 m\u00e3e de Madalen e ex-mulher de Ram\u00f3n, de quem se divorciou h\u00e1 15 anos. Quando ele fica gravemente doente, a filha pede-lhe ajuda para cuidar do pai. \u00c0 medida que acompanha a evolu\u00e7\u00e3o da doen\u00e7a, Isabel confronta-se com feridas antigas e ressentimentos dolorosos. Por\u00e9m, entre a dor e a partilha, surgem sentimentos inesperados que abrem espa\u00e7o para o perd\u00e3o e, quem sabe, para uma reconcilia\u00e7\u00e3o.<\/p>\n<p>Inspirado no conto Un Coraz\u00f3n Demasiado Grande, da escritora e professora universit\u00e1ria basca Eider Rodriguez, o filme esteve em competi\u00e7\u00e3o no <a href=\"https:\/\/www.publico.pt\/festival-de-san-sebastian\" rel=\"nofollow noopener\" target=\"_blank\">Festival de San Sebasti\u00e1n<\/a>, onde Patricia L\u00f3pez Arnaiz recebeu a Concha de Prata para Melhor Interpreta\u00e7\u00e3o. Com assinatura de Pilar Palomero, conta ainda com as interpreta\u00e7\u00f5es de Antonio de la Torre, Marina Guerola, Juli\u00e1n L\u00f3pez, Lobo el Perro e Ramon Fontser\u00e8. <a href=\"https:\/\/cinecartaz.publico.pt\/filme\/los-destellos-414416\" rel=\"nofollow noopener\" target=\"_blank\"><strong>Cr\u00edticas, salas e hor\u00e1rios<\/strong><\/a><\/p>\n<p>        &#13;<br \/>\n             <a class=\"embedly-card\" data-card-controls=\"0\" href=\"https:\/\/vimeo.com\/1136196166\" rel=\"nofollow noopener\" target=\"_blank\">&#13;<\/p>\n<p>Filho de m\u00e3e s\u00e3o\u2011tomense e de pai cabo\u2011verdiano, Bruno Furtado, conhecido artisticamente como Ghoya, \u00e9 um rapper e activista nascido no bairro das Fonta\u00ednhas, na Amadora. Com um passado de pobreza e exclus\u00e3o, destaca-se por integrar o crioulo cabo\u2011verdiano e outros elementos afro-portugueses nas letras das suas can\u00e7\u00f5es, contando hist\u00f3rias sobre discrimina\u00e7\u00e3o, exclus\u00e3o social, viol\u00eancia policial, requalifica\u00e7\u00e3o for\u00e7ada de bairros e o legado colonial portugu\u00eas. Compl\u00f4 \u00e9 um retrato de Ghoya enquanto artista e enquanto homem que n\u00e3o deixa de parte o per\u00edodo de uma d\u00e9cada em que esteve recluso, mostrando como a pris\u00e3o se tornou um lugar de resist\u00eancia, inspira\u00e7\u00e3o e den\u00fancia.<\/p>\n<p>Com produ\u00e7\u00e3o de Filipa Reis e realiza\u00e7\u00e3o de Jo\u00e3o Miller Guerra \u2013 a dupla fundadora das produtoras Vende-se Filmes e Uma Pedra no Sapato, e respons\u00e1veis por filmes como Li K\u00e9 Terra (2010), Nada Fazi (2011), Orquestra Gera\u00e7\u00e3o (2011), <a href=\"https:\/\/cinecartaz.publico.pt\/filme\/bela-vista--cama-de-gato-317831\" rel=\"nofollow noopener\" target=\"_blank\">Cama de Gato<\/a> (2012) e as longas-metragens <a href=\"https:\/\/cinecartaz.publico.pt\/filme\/djon-africa-391026\" rel=\"nofollow noopener\" target=\"_blank\">Djon \u00c1frica<\/a> (2018) e <a href=\"https:\/\/cinecartaz.publico.pt\/filme\/legua-410376\" rel=\"nofollow noopener\" target=\"_blank\">L\u00e9gua<\/a> (2023) \u2013 este document\u00e1rio foi apresentado no DocLisboa 2025. <a href=\"https:\/\/cinecartaz.publico.pt\/filme\/complo-414411\" rel=\"nofollow noopener\" target=\"_blank\"><strong>Cr\u00edticas, salas e hor\u00e1rios<\/strong><\/a><\/p>\n<p>        &#13;<br \/>\n             <a class=\"embedly-card\" data-card-controls=\"0\" href=\"https:\/\/www.youtube.com\/watch?v=mB7xb7pQB3o\" rel=\"nofollow noopener\" target=\"_blank\">&#13;<\/p>\n<p>Dois colegas de trabalho, ambos casados e heterossexuais, vivem experi\u00eancias inesperadas: um tem um encontro sexual com outro homem e partilha a informa\u00e7\u00e3o com a companheira; o outro come\u00e7a a ter sonhos recorrentes em que David Bowie o observa como se ele fosse uma mulher. Estas experi\u00eancias, discutidas com total abertura e honestidade, levam-nos a questionar a sua identidade, g\u00e9nero e sexualidade.<\/p>\n<p>Esta obra integra a trilogia escrita e realizada pelo noruegu\u00eas Dag Johan Haugerud, composta por Sex, <a href=\"https:\/\/cinecartaz.publico.pt\/filme\/love-414508\" rel=\"nofollow noopener\" target=\"_blank\">Love <\/a>e <a href=\"https:\/\/cinecartaz.publico.pt\/filme\/dreams-414501\" rel=\"nofollow noopener\" target=\"_blank\">Sonhos<\/a> \u2014 este \u00faltimo distinguido com o Urso de Ouro no <a href=\"https:\/\/www.publico.pt\/festival-de-cinema-de-berlim\" rel=\"nofollow noopener\" target=\"_blank\">Festival de Cinema de Berlim<\/a>, o Pr\u00e9mio FIPRESCI da cr\u00edtica internacional e o Pr\u00e9mio da Guilda dos Cinemas de Arte da Alemanha. <a href=\"https:\/\/cinecartaz.publico.pt\/filme\/sex-414412\" rel=\"nofollow noopener\" target=\"_blank\"><strong>Cr\u00edticas, salas e hor\u00e1rios<\/strong><\/a><\/p>\n<p>Apesar de um come\u00e7o atribulado, as feiticeiras Elphaba e Glinda tornam-se aliadas na luta contra a tirania do Feiticeiro de Oz. Mas, neste segundo filme, os desafios aumentam: a rela\u00e7\u00e3o entre Elphaba e Glinda \u00e9 posta \u00e0 prova por for\u00e7as que amea\u00e7am destruir tudo o que constru\u00edram. E enquanto a primeira se torna uma fugitiva, conhecida como a \u201cBruxa M\u00e1 do Oeste\u201d, a segunda ascende \u00e0 corte do Feiticeiro como a \u201cBruxa Boa\u201d.<\/p>\n<p>        &#13;<br \/>\n             <a class=\"embedly-card\" data-card-controls=\"0\" href=\"https:\/\/www.youtube.com\/watch?v=RhqKTHZo0ro&amp;t=1s\" rel=\"nofollow noopener\" target=\"_blank\">&#13;<\/p>\n<p>Novamente com realiza\u00e7\u00e3o de Jon M. Chu (tamb\u00e9m respons\u00e1vel por <a href=\"https:\/\/cinecartaz.publico.pt\/filme\/justin-biebers-believe-327877\" rel=\"nofollow noopener\" target=\"_blank\">Justin Bieber\u2019s Believe<\/a> ou <a href=\"https:\/\/cinecartaz.publico.pt\/filme\/ao-ritmo-de-washington-heights-406028\" rel=\"nofollow noopener\" target=\"_blank\">Ao Ritmo de Washington Heights<\/a>) e argumento de Winnie Holzman e Dana Fox, esta \u00e9 a segunda parte da vers\u00e3o cinematogr\u00e1fica do musical da Broadway criado por Stephen Schwartz. O musical baseia-se no c\u00e9lebre romance Wicked: The Life and Times of the Wicked Witch of the West, de Gregory Maguire, que, por sua vez, d\u00e1 nova voz a algumas das personagens conhecidas de O Maravilhoso Feiticeiro de Oz, escrito por L. Frank Baum e ilustrado por William Wallace Denslow em 1900. Cynthia Erivo e Ariana Grande regressam aos pap\u00e9is principais, acompanhadas por Jonathan Bailey, Michelle Yeoh, Jeff Goldblum, Marissa Bode, Ethan Slater, Bowen Yang, Bronwyn James e Keala Settle. <a href=\"https:\/\/cinecartaz.publico.pt\/filme\/wicked-bem-414414\" rel=\"nofollow noopener\" target=\"_blank\"><strong>Cr\u00edticas, salas e hor\u00e1rios<\/strong><\/a><\/p>\n<p>No primeiro filme, conhecemos Aatami Korpi, um antigo comando finland\u00eas que, nos \u00faltimos dias da Segunda Grande Guerra, descobriu ouro numa paisagem gelada. Quando a sua riqueza foi amea\u00e7ada por soldados alem\u00e3es em retirada, Aatami desencadeou uma vingan\u00e7a feroz, personificando uma enorme for\u00e7a interior, resili\u00eancia e determina\u00e7\u00e3o ou, como diriam os finlandeses, o \u201csisu\u201d.<\/p>\n<p>        &#13;<br \/>\n             <a class=\"embedly-card\" data-card-controls=\"0\" href=\"https:\/\/www.youtube.com\/watch?v=hjo_vqBPz9Y\" rel=\"nofollow noopener\" target=\"_blank\">&#13;<\/p>\n<p>Neste segundo filme, ele regressa \u00e0 sua casa, onde a fam\u00edlia foi assassinada, com a inten\u00e7\u00e3o de a desmontar e reconstruir num local seguro. Mas a not\u00edcia da sua chegada desperta a ira do implac\u00e1vel comandante sovi\u00e9tico Igor Draganov, respons\u00e1vel pela morte da sua fam\u00edlia e decidido a elimin\u00e1-lo de vez. Uma nova luta implac\u00e1vel come\u00e7a, onde o esp\u00edrito de Aatami volta a demonstrar o seu verdadeiro valor.<\/p>\n<p>Com assinatura de Jalmari Helander \u2013 tamb\u00e9m respons\u00e1vel por <a href=\"https:\/\/cinecartaz.publico.pt\/filme\/big-game---instinto-cacador-348646\" rel=\"nofollow noopener\" target=\"_blank\">Big Game &#8211; Instinto Ca\u00e7ador<\/a> (2014) e <a href=\"https:\/\/cinecartaz.publico.pt\/filme\/sisu-410051\" rel=\"nofollow noopener\" target=\"_blank\">Sisu<\/a> (2022) \u2013, este drama de ac\u00e7\u00e3o conta com Jorma Tommila, Richard Brake, Stephen Lang, Einar Haraldsson, Jaakko Hutchings e Ergo K\u00fcppas. <a href=\"https:\/\/cinecartaz.publico.pt\/filme\/sisu-estrada-vinganca-414413\" rel=\"nofollow noopener\" target=\"_blank\"><strong>Cr\u00edticas, salas e hor\u00e1rios<\/strong><\/a><\/p>\n<p>Agnes \u00e9 uma jovem professora universit\u00e1ria ainda marcada por um acontecimento traum\u00e1tico ocorrido h\u00e1 tr\u00eas anos. \u00c0 medida que tenta reerguer-se, encontra apoio em Lydie, a sua melhor amiga, atrav\u00e9s dos gestos simples do dia-a-dia. Entre sil\u00eancios e conversas partilhadas com aqueles que lhe querem bem, o filme acompanha os seus esfor\u00e7os para recuperar o controlo da pr\u00f3pria vida.<\/p>\n<p>        &#13;<br \/>\n             <a class=\"embedly-card\" data-card-controls=\"0\" href=\"https:\/\/www.youtube.com\/watch?v=5JYmBJuTRrE\" rel=\"nofollow noopener\" target=\"_blank\">&#13;<\/p>\n<p>Com realiza\u00e7\u00e3o e argumento da actriz Eva Victor, que tamb\u00e9m d\u00e1 vida \u00e0 protagonista e aqui se estreia na realiza\u00e7\u00e3o em longa-metragem, Sorry, Baby fala-nos de vulnerabilidade, trauma, recupera\u00e7\u00e3o e sobreviv\u00eancia. <a href=\"https:\/\/cinecartaz.publico.pt\/filme\/sorry-baby-414417\" rel=\"nofollow noopener\" target=\"_blank\"><strong>Cr\u00edticas, salas e hor\u00e1rios<\/strong><\/a><\/p>\n<p>Apesar das suas boas inten\u00e7\u00f5es, o anjo Gabriel \u00e9 algo incompetente, pelo que lhe \u00e9 geralmente confiada a tarefa de vigiar os pequenos deslizes da Humanidade. Mas tudo muda quando o seu destino se cruza com o de Arj, um homem pobre que sobrevive com pequenos trabalhos, e com o de Jeff, um investidor habituado ao conforto e \u00e0 abund\u00e2ncia. Acreditando que ambos ter\u00e3o muito a aprender com as viv\u00eancias um do outro, Gabriel decide trocar-lhes as exist\u00eancias.<\/p>\n<p>        &#13;<br \/>\n             <a class=\"embedly-card\" data-card-controls=\"0\" href=\"https:\/\/www.youtube.com\/watch?v=U9pjyospmxs\" rel=\"nofollow noopener\" target=\"_blank\">&#13;<\/p>\n<p>Assim, Arj desperta rodeado de riqueza, enquanto Jeff se v\u00ea, pela primeira vez, confrontado com o verdadeiro significado de priva\u00e7\u00e3o. O problema \u00e9 que nenhum dos dois retira grandes li\u00e7\u00f5es da experi\u00eancia: para o primeiro, o dinheiro resolve-lhe praticamente todos os problemas; para o segundo, a falta dele n\u00e3o lhe traz quaisquer ensinamentos nem recompensas morais.<\/p>\n<p>Com Keanu Reeves, Seth Rogen, Keke Palmer e Sandra Oh nos pap\u00e9is principais, o filme tem realiza\u00e7\u00e3o e argumento de Aziz Ansari, que assume tamb\u00e9m o papel de Arj. <a href=\"https:\/\/cinecartaz.publico.pt\/filme\/good-fortune-414257\" rel=\"nofollow noopener\" target=\"_blank\"><strong>Cr\u00edticas, salas e hor\u00e1rios<\/strong><\/a><\/p>\n<p>Para festejar o primeiro ano de rela\u00e7\u00e3o, Liz e Malcolm v\u00e3o passar um fim-de-semana rom\u00e2ntico numa cabana isolada no meio da natureza. Mas a tranquilidade da experi\u00eancia rapidamente d\u00e1 lugar \u00e0 inquieta\u00e7\u00e3o quando Malcolm desaparece inesperadamente, deixando Liz sozinha num espa\u00e7o que parece esconder algo de muito estranho e perturbador. E, \u00e0 medida que as horas passam, a solid\u00e3o transforma-se em medo puro.<\/p>\n<p>        &#13;<br \/>\n             <a class=\"embedly-card\" data-card-controls=\"0\" href=\"https:\/\/www.youtube.com\/watch?v=vR_7m0tiLRI\" rel=\"nofollow noopener\" target=\"_blank\">&#13;<\/p>\n<p>Com argumento de Nick Lepard e realiza\u00e7\u00e3o de Osgood Perkins (<a href=\"https:\/\/cinecartaz.publico.pt\/filme\/colecionador-almas-412217\" rel=\"nofollow noopener\" target=\"_blank\">O Coleccionador de <\/a><a href=\"https:\/\/cinecartaz.publico.pt\/filme\/colecionador-almas-412217\" rel=\"nofollow noopener\" target=\"_blank\">Almas<\/a>, \u200b<a href=\"https:\/\/cinecartaz.publico.pt\/filme\/macaco-413109\" rel=\"nofollow noopener\" target=\"_blank\">O<\/a><a href=\"https:\/\/cinecartaz.publico.pt\/filme\/macaco-413109\" rel=\"nofollow noopener\" target=\"_blank\"> Macaco<\/a>), Keeper \u00e9 um filme de terror protagonizado por Tatiana Maslany, Rossif Sutherland, Birkett Turton, Eden Weiss e Logan Pierce. <a href=\"https:\/\/cinecartaz.publico.pt\/filme\/keeper-414415\" rel=\"nofollow noopener\" target=\"_blank\"><strong>Cr\u00edticas, salas e hor\u00e1rios<\/strong><\/a><\/p>\n<p>Com o Inverno a instalar-se e o Natal quase a chegar, a floresta desperta coberta de neve, enquanto os animais, cada um com o seu pr\u00f3prio ritual, se preparam para a grande noite. Desde o pequeno lince ou o ouri\u00e7o-cacheiro, ao pintainho que abre os olhos pela primeira vez ou ao urso que desperta da sua hiberna\u00e7\u00e3o, todos sentem a magia nos seus cora\u00e7\u00f5es.<\/p>\n<p>        &#13;<br \/>\n             <a class=\"embedly-card\" data-card-controls=\"0\" href=\"https:\/\/www.youtube.com\/watch?v=UiVx76dUJ4s\" rel=\"nofollow noopener\" target=\"_blank\">&#13;<\/p>\n<p>Com realiza\u00e7\u00e3o colectiva de Olesya Shchukina, Natalia Chernysheva, Camille Alm\u00e9ras, Haruna Kishi, Caroline Attia e Ceylan Beyo\u011flu, este filme de anima\u00e7\u00e3o, dirigido a crian\u00e7as dos tr\u00eas aos sete anos, re\u00fane cinco pequenas hist\u00f3rias protagonizadas por animais de diversas regi\u00f5es do mundo.<\/p>\n<p>Apresentado em competi\u00e7\u00e3o no Festival Internacional de Cinema de Anima\u00e7\u00e3o de Annecy, conta, na vers\u00e3o original, com a dobragem da jovem cantora alem\u00e3 Lisa-Marie Ramm. A vers\u00e3o portuguesa tem direc\u00e7\u00e3o musical de Vanessa Borges e apresenta vozes de crian\u00e7as entre os seis e os 12 anos. <a href=\"https:\/\/cinecartaz.publico.pt\/filme\/natal-animais-414504\" rel=\"nofollow noopener\" target=\"_blank\"><strong>Cr\u00edticas, salas e hor\u00e1rios<\/strong><\/a><\/p>\n<p>Depois de uma viagem de trabalho a Roma, Eva, de 50 anos, percebe que a rela\u00e7\u00e3o com o marido arrefeceu h\u00e1 muito e que precisa de se voltar a apaixonar. Assim, de regresso a Barcelona, a sua cidade natal, decide seguir os seus instintos, ser fiel a si mesma e abandonar a sua vida de casada em busca de um novo amor. Mas, como seria de esperar, essa resolu\u00e7\u00e3o vai p\u00f4r em risco n\u00e3o apenas a rela\u00e7\u00e3o com o marido e os dois filhos adolescentes, mas com todos \u00e0 sua volta.<\/p>\n<p>        &#13;<br \/>\n             <a class=\"embedly-card\" data-card-controls=\"0\" href=\"https:\/\/www.youtube.com\/watch?v=ApRSCoDclYU\" rel=\"nofollow noopener\" target=\"_blank\">&#13;<\/p>\n<p>Este drama \u00e9 realizado por Cesc Gay (<a href=\"https:\/\/cinecartaz.publico.pt\/filme\/truman-359674\" rel=\"nofollow noopener\" target=\"_blank\">Truman<\/a>, <a href=\"https:\/\/cinecartaz.publico.pt\/filme\/sentimental-407850\" rel=\"nofollow noopener\" target=\"_blank\">Sentimental<\/a>), a partir de um argumento seu e de Eduard Sola. <a href=\"https:\/\/cinecartaz.publico.pt\/filme\/mi-amiga-eva-414261\" rel=\"nofollow noopener\" target=\"_blank\"><strong>Cr\u00edticas, salas e hor\u00e1rios<\/strong><\/a><\/p>\n","protected":false},"excerpt":{"rendered":"Isabel \u00e9 m\u00e3e de Madalen e ex-mulher de Ram\u00f3n, de quem se divorciou h\u00e1 15 anos. Quando ele&hellip;\n","protected":false},"author":2,"featured_media":158721,"comment_status":"","ping_status":"","sticky":false,"template":"","format":"standard","meta":{"footnotes":""},"categories":[140],"tags":[470,1413,114,115,147,148,1757,146,32,33,291],"class_list":{"0":"post-158720","1":"post","2":"type-post","3":"status-publish","4":"format-standard","5":"has-post-thumbnail","7":"category-filmes","8":"tag-cinema","9":"tag-cultura-ipsilon","10":"tag-entertainment","11":"tag-entretenimento","12":"tag-film","13":"tag-filmes","14":"tag-ipsilon","15":"tag-movies","16":"tag-portugal","17":"tag-pt","18":"tag-relaxar"},"share_on_mastodon":{"url":"https:\/\/pubeurope.com\/@pt\/115581789574555432","error":""},"_links":{"self":[{"href":"https:\/\/www.europesays.com\/pt\/wp-json\/wp\/v2\/posts\/158720","targetHints":{"allow":["GET"]}}],"collection":[{"href":"https:\/\/www.europesays.com\/pt\/wp-json\/wp\/v2\/posts"}],"about":[{"href":"https:\/\/www.europesays.com\/pt\/wp-json\/wp\/v2\/types\/post"}],"author":[{"embeddable":true,"href":"https:\/\/www.europesays.com\/pt\/wp-json\/wp\/v2\/users\/2"}],"replies":[{"embeddable":true,"href":"https:\/\/www.europesays.com\/pt\/wp-json\/wp\/v2\/comments?post=158720"}],"version-history":[{"count":0,"href":"https:\/\/www.europesays.com\/pt\/wp-json\/wp\/v2\/posts\/158720\/revisions"}],"wp:featuredmedia":[{"embeddable":true,"href":"https:\/\/www.europesays.com\/pt\/wp-json\/wp\/v2\/media\/158721"}],"wp:attachment":[{"href":"https:\/\/www.europesays.com\/pt\/wp-json\/wp\/v2\/media?parent=158720"}],"wp:term":[{"taxonomy":"category","embeddable":true,"href":"https:\/\/www.europesays.com\/pt\/wp-json\/wp\/v2\/categories?post=158720"},{"taxonomy":"post_tag","embeddable":true,"href":"https:\/\/www.europesays.com\/pt\/wp-json\/wp\/v2\/tags?post=158720"}],"curies":[{"name":"wp","href":"https:\/\/api.w.org\/{rel}","templated":true}]}}