{"id":158724,"date":"2025-11-20T11:32:09","date_gmt":"2025-11-20T11:32:09","guid":{"rendered":"https:\/\/www.europesays.com\/pt\/158724\/"},"modified":"2025-11-20T11:32:09","modified_gmt":"2025-11-20T11:32:09","slug":"google-apresenta-o-gemini-3-a-nova-geracao-da-sua-inteligencia-artificial","status":"publish","type":"post","link":"https:\/\/www.europesays.com\/pt\/158724\/","title":{"rendered":"Google apresenta o Gemini 3, a nova gera\u00e7\u00e3o da sua intelig\u00eancia artificial"},"content":{"rendered":"<p>&#8211; Publicidade &#8211;<\/p>\n<p><strong>A Google lan\u00e7a o Gemini 3 com melhorias no desempenho multimodal e na capacidade de racioc\u00ednio, ampliando a utiliza\u00e7\u00e3o da IA no seu ecossistema de produtos.<\/strong><\/p>\n<p>A <strong>Google<\/strong> anunciou o <strong>Gemini 3<\/strong>, apresentado como o novo modelo de refer\u00eancia da empresa na \u00e1rea da intelig\u00eancia artificial e como o avan\u00e7o mais recente da fam\u00edlia Gemini.<\/p>\n<p><strong>Sundar Pichai<\/strong>, CEO da Google e da <strong>Alphabet<\/strong>, <a href=\"https:\/\/blog.google\/intl\/pt-pt\/produtos\/gemini-3\/\" target=\"_blank\" rel=\"noopener external noreferrer nofollow\" data-wpel-link=\"external\">recorda que<\/a> a era Gemini come\u00e7ou h\u00e1 quase dois anos, num esfor\u00e7o que considera ter sido um dos mais amplos da empresa em mat\u00e9ria cient\u00edfica e de produto. Desde ent\u00e3o, segundo a Google, a utiliza\u00e7\u00e3o da IA no seu ecossistema disparou: a <strong>Vista Geral de IA<\/strong> na Pesquisa conta com cerca de dois mil milh\u00f5es de utilizadores mensais, a aplica\u00e7\u00e3o Gemini ultrapassa os 650 milh\u00f5es de utilizadores mensais, mais de 70% dos clientes Cloud recorrem a ferramentas de IA da empresa e cerca de 13 milh\u00f5es de programadores trabalharam com os modelos generativos disponibilizados.<\/p>\n<p>Cada gera\u00e7\u00e3o <a href=\"https:\/\/echoboomer.pt\/polestar-tera-google-gemini-toda-a-gama-2026\/\" data-wpel-link=\"internal\" target=\"_self\" rel=\"follow nofollow noopener\">Gemini<\/a> acrescentou funcionalidades novas \u00e0 anterior. O <strong>Gemini 1<\/strong> aumentou o alcance multimodal e as janelas de contexto; o <strong>Gemini 2<\/strong> introduziu fundamentos para agentes mais avan\u00e7ados e elevou o racioc\u00ednio em tarefas complexas, culminando no <strong>Gemini 2.5 Pro<\/strong>, que liderou o LMArena durante mais de seis meses. O Gemini 3 surge agora como a continua\u00e7\u00e3o desse percurso, com a Google a apresentar o modelo como a consolida\u00e7\u00e3o das capacidades j\u00e1 existentes e como um refor\u00e7o claro na compreens\u00e3o de contexto, inten\u00e7\u00e3o e estrutura dos pedidos.<\/p>\n<p>Segundo a empresa, o Gemini 3 distingue-se sobretudo pela capacidade de interpretar nuances em problemas t\u00e9cnicos e criativos, reduzindo a necessidade de comandos sucessivos e respondendo de forma mais precisa ao enunciado inicial. O lan\u00e7amento coincide ainda com a entrada imediata do modelo no Modo de IA na Pesquisa, algo que a Google nunca tinha feito no pr\u00f3prio dia de apresenta\u00e7\u00e3o de um novo sistema.<\/p>\n<p>A aprendizagem \u00e9 uma das \u00e1reas em que o modelo pretende oferecer maior versatilidade. A an\u00e1lise de texto, imagens, v\u00eddeo, \u00e1udio e c\u00f3digo \u00e9 combinada com uma janela de contexto de um milh\u00e3o de tokens, permitindo integrar informa\u00e7\u00e3o extensa com maior coer\u00eancia. Entre os exemplos avan\u00e7ados pela empresa est\u00e3o a digitaliza\u00e7\u00e3o e tradu\u00e7\u00e3o de receitas manuscritas para criar livros de cozinha familiares, a transforma\u00e7\u00e3o de artigos acad\u00e9micos e v\u00eddeos longos em materiais interactivos ou a an\u00e1lise de imagens de jogos desportivos para gerar planos de treino personalizados.<\/p>\n<p>O Modo de IA na Pesquisa passa agora a usar o Gemini 3 para criar esquemas visuais, ferramentas interativas e simula\u00e7\u00f5es geradas em tempo real a partir das consultas, numa tentativa de tornar o processo de pesquisa mais contextual e visual.<\/p>\n<p>O Gemini 3 j\u00e1 come\u00e7ou a ser implementado para todos os utilizadores da aplica\u00e7\u00e3o Gemini, bem como para subscritores <strong>Google AI Pro<\/strong> e <strong>Ultra<\/strong> no Modo de IA na Pesquisa.<\/p>\n","protected":false},"excerpt":{"rendered":"&#8211; Publicidade &#8211; A Google lan\u00e7a o Gemini 3 com melhorias no desempenho multimodal e na capacidade de&hellip;\n","protected":false},"author":2,"featured_media":158725,"comment_status":"","ping_status":"","sticky":false,"template":"","format":"standard","meta":{"footnotes":""},"categories":[84],"tags":[109,107,108,32,33,105,103,104,106,110],"class_list":{"0":"post-158724","1":"post","2":"type-post","3":"status-publish","4":"format-standard","5":"has-post-thumbnail","7":"category-ciencia-e-tecnologia","8":"tag-ciencia","9":"tag-ciencia-e-tecnologia","10":"tag-cienciaetecnologia","11":"tag-portugal","12":"tag-pt","13":"tag-science","14":"tag-science-and-technology","15":"tag-scienceandtechnology","16":"tag-technology","17":"tag-tecnologia"},"share_on_mastodon":{"url":"https:\/\/pubeurope.com\/@pt\/115581809245396057","error":""},"_links":{"self":[{"href":"https:\/\/www.europesays.com\/pt\/wp-json\/wp\/v2\/posts\/158724","targetHints":{"allow":["GET"]}}],"collection":[{"href":"https:\/\/www.europesays.com\/pt\/wp-json\/wp\/v2\/posts"}],"about":[{"href":"https:\/\/www.europesays.com\/pt\/wp-json\/wp\/v2\/types\/post"}],"author":[{"embeddable":true,"href":"https:\/\/www.europesays.com\/pt\/wp-json\/wp\/v2\/users\/2"}],"replies":[{"embeddable":true,"href":"https:\/\/www.europesays.com\/pt\/wp-json\/wp\/v2\/comments?post=158724"}],"version-history":[{"count":0,"href":"https:\/\/www.europesays.com\/pt\/wp-json\/wp\/v2\/posts\/158724\/revisions"}],"wp:featuredmedia":[{"embeddable":true,"href":"https:\/\/www.europesays.com\/pt\/wp-json\/wp\/v2\/media\/158725"}],"wp:attachment":[{"href":"https:\/\/www.europesays.com\/pt\/wp-json\/wp\/v2\/media?parent=158724"}],"wp:term":[{"taxonomy":"category","embeddable":true,"href":"https:\/\/www.europesays.com\/pt\/wp-json\/wp\/v2\/categories?post=158724"},{"taxonomy":"post_tag","embeddable":true,"href":"https:\/\/www.europesays.com\/pt\/wp-json\/wp\/v2\/tags?post=158724"}],"curies":[{"name":"wp","href":"https:\/\/api.w.org\/{rel}","templated":true}]}}