{"id":158726,"date":"2025-11-20T11:33:28","date_gmt":"2025-11-20T11:33:28","guid":{"rendered":"https:\/\/www.europesays.com\/pt\/158726\/"},"modified":"2025-11-20T11:33:28","modified_gmt":"2025-11-20T11:33:28","slug":"governo-pede-para-tomar-nota-do-dia-20-de-novembro-o-que-e","status":"publish","type":"post","link":"https:\/\/www.europesays.com\/pt\/158726\/","title":{"rendered":"Governo pede para tomar nota do dia 20 de novembro! O que \u00e9?"},"content":{"rendered":"<p>O Governo encontra-se a promover um processo de ausculta\u00e7\u00e3o p\u00fablica, com vista \u00e0 recolha de contributos para a \u00e1rea das Compet\u00eancias Digitais.<\/p>\n<p><a target=\"_blank\" href=\"https:\/\/pplware.sapo.pt\/wp-content\/uploads\/2021\/02\/governo_00.jpg\" rel=\"nofollow noopener\"><img fetchpriority=\"high\" decoding=\"async\" src=\"https:\/\/www.europesays.com\/pt\/wp-content\/uploads\/2025\/11\/governo_00-720x403.jpg\" alt=\"Governo pede para tomar nota do dia 20 de novembro! O que \u00e9?&#10;\" width=\"720\" height=\"403\" class=\"aligncenter wp-image-745437 size-medium\"  \/><\/a><\/p>\n<p>O Pacto das Compet\u00eancias Digitais, que est\u00e1 previsto no \u00e2mbito do programa do XXV Governo Constitucional, prioriza a promo\u00e7\u00e3o da capacita\u00e7\u00e3o digital de todos os cidad\u00e3os, reconhecendo que o dom\u00ednio das compet\u00eancias digitais constitui um pilar estrat\u00e9gico de soberania econ\u00f3mica e tecnol\u00f3gica do pa\u00eds. Segundo o Governo, dia 20 termina o prazo para dar contributos.<\/p>\n<p><a target=\"_blank\" href=\"https:\/\/pplware.sapo.pt\/wp-content\/uploads\/2025\/11\/583134500_18082576715088160_4412372658651703822_n.jpg\" onclick=\"refreshIframe()\" class=\"foobox\" rel=\"nofollow noopener\"><img loading=\"lazy\" decoding=\"async\" src=\"https:\/\/www.europesays.com\/pt\/wp-content\/uploads\/2025\/11\/583134500_18082576715088160_4412372658651703822_n-576x720.jpg\" alt=\"\" width=\"576\" height=\"720\" class=\"aligncenter size-medium wp-image-1089372\"  \/><\/a><\/p>\n<p>Tendo por base o relat\u00f3rio sobre o estado da D\u00e9cada Digital 2025 (DESI &#8211; Digital Economy and Society Index) que avalia os progressos da transforma\u00e7\u00e3o digital da UE na consecu\u00e7\u00e3o dos objetivos do programa D\u00e9cada Digital para 2030, Portugal apresentava:<\/p>\n<ul>\n<li><strong>56% dos cidad\u00e3os,<\/strong> entre 16 e 74 anos, com pelo menos compet\u00eancias digitais b\u00e1sicas, sendo a meta nacional de 80% at\u00e9 2030 (dados Eurostat 2023).<\/li>\n<li><strong>30% dos cidad\u00e3os<\/strong>, entre 16 e 74 anos, com compet\u00eancias digitais acima do b\u00e1sico, sendo a meta nacional de 40% at\u00e9 2030 (dados Eurostat 2023).<\/li>\n<li><strong>5.2% das pessoas empregues em \u00e1reas TIC<\/strong> (Tecnologias de Informa\u00e7\u00e3o e Comunica\u00e7\u00e3o), sendo a meta nacional de 7% em 2030 (dados Eurostat 2024).<\/li>\n<\/ul>\n<p>O Pacto de Compet\u00eancias Digitais ser\u00e1 materializado atrav\u00e9s de um plano de a\u00e7\u00e3o para o horizonte temporal de 2026-2030.<\/p>\n<p>Para participar neste Pacto de Compet\u00eancias Digitais, deve:<\/p>\n<ol>\n<li>Fazer uma descri\u00e7\u00e3o da sugest\u00e3o e de como a mesma poder\u00e1 ser operacionalizada, identificando os objetivos e metas a atingir<\/li>\n<li>No campo &#8220;\u00c1rea Tem\u00e1tica&#8221; identificar o eixo para o qual pretende contribuir (pode ver eixos <a target=\"_blank\" href=\"https:\/\/participa.gov.pt\/base\/initiatives\/r4tpmUK1hr\/description?fbclid=IwY2xjawOK7m5leHRuA2FlbQIxMABicmlkETFEMEdjSTNKaGhLeEdHOTJjc3J0YwZhcHBfaWQQMjIyMDM5MTc4ODIwMDg5MgABHjof_uSpAphy0_6P72jEDLYvaiT2mcLy_dkTuONekoPPxTbnbb10S5IUuGUH_aem_WKB18UipM8DSfPb-Y4thog\" rel=\"nofollow noopener\">aqui<\/a>)<\/li>\n<li>Clicar em &#8220;submeter proposta&#8221; para enviar a sua sugest\u00e3o<\/li>\n<\/ol>\n<p><a target=\"_blank\" class=\"wpcmsdev-button color-res\" href=\"https:\/\/participa.gov.pt\/base\/initiatives\/r4tpmUK1hr\/description\" rel=\"nofollow noopener\">Pacto de Compet\u00eancias Digitais<\/a><\/p>\n","protected":false},"excerpt":{"rendered":"O Governo encontra-se a promover um processo de ausculta\u00e7\u00e3o p\u00fablica, com vista \u00e0 recolha de contributos para a&hellip;\n","protected":false},"author":2,"featured_media":158727,"comment_status":"","ping_status":"","sticky":false,"template":"","format":"standard","meta":{"footnotes":""},"categories":[83],"tags":[88,89,90,301,25078,32,33],"class_list":{"0":"post-158726","1":"post","2":"type-post","3":"status-publish","4":"format-standard","5":"has-post-thumbnail","7":"category-empresas","8":"tag-business","9":"tag-economy","10":"tag-empresas","11":"tag-governo","12":"tag-novembro","13":"tag-portugal","14":"tag-pt"},"share_on_mastodon":{"url":"https:\/\/pubeurope.com\/@pt\/115581813142616100","error":""},"_links":{"self":[{"href":"https:\/\/www.europesays.com\/pt\/wp-json\/wp\/v2\/posts\/158726","targetHints":{"allow":["GET"]}}],"collection":[{"href":"https:\/\/www.europesays.com\/pt\/wp-json\/wp\/v2\/posts"}],"about":[{"href":"https:\/\/www.europesays.com\/pt\/wp-json\/wp\/v2\/types\/post"}],"author":[{"embeddable":true,"href":"https:\/\/www.europesays.com\/pt\/wp-json\/wp\/v2\/users\/2"}],"replies":[{"embeddable":true,"href":"https:\/\/www.europesays.com\/pt\/wp-json\/wp\/v2\/comments?post=158726"}],"version-history":[{"count":0,"href":"https:\/\/www.europesays.com\/pt\/wp-json\/wp\/v2\/posts\/158726\/revisions"}],"wp:featuredmedia":[{"embeddable":true,"href":"https:\/\/www.europesays.com\/pt\/wp-json\/wp\/v2\/media\/158727"}],"wp:attachment":[{"href":"https:\/\/www.europesays.com\/pt\/wp-json\/wp\/v2\/media?parent=158726"}],"wp:term":[{"taxonomy":"category","embeddable":true,"href":"https:\/\/www.europesays.com\/pt\/wp-json\/wp\/v2\/categories?post=158726"},{"taxonomy":"post_tag","embeddable":true,"href":"https:\/\/www.europesays.com\/pt\/wp-json\/wp\/v2\/tags?post=158726"}],"curies":[{"name":"wp","href":"https:\/\/api.w.org\/{rel}","templated":true}]}}