{"id":158728,"date":"2025-11-20T11:35:11","date_gmt":"2025-11-20T11:35:11","guid":{"rendered":"https:\/\/www.europesays.com\/pt\/158728\/"},"modified":"2025-11-20T11:35:11","modified_gmt":"2025-11-20T11:35:11","slug":"tres-caes-terao-morrido-electrocutados-em-espacos-publicos-de-lisboa-e-odivelas-animais","status":"publish","type":"post","link":"https:\/\/www.europesays.com\/pt\/158728\/","title":{"rendered":"Tr\u00eas c\u00e3es ter\u00e3o morrido electrocutados em espa\u00e7os p\u00fablicos de Lisboa e Odivelas | Animais"},"content":{"rendered":"<p>Em menos de 24 horas, tr\u00eas c\u00e3es ter\u00e3o morrido electrocutados em Lisboa e Odivelas. Os donos estavam a passear os <a href=\"https:\/\/www.publico.pt\/2025\/11\/15\/p3\/reportagem\/neste-hospital-animais-visitam-donos-internados-tambem-sao-familia-2154715\" target=\"_blank\" rel=\"nofollow noopener\">animais<\/a> em espa\u00e7os p\u00fablicos, quando estes pisaram zonas molhadas junto a postes de ilumina\u00e7\u00e3o e ca\u00edram, sem vida. A C\u00e2mara Municipal de Lisboa lamentou a morte de um animal no Parque das Na\u00e7\u00f5es e informou que est\u00e1 a decorrer uma peritagem ao poste de ilumina\u00e7\u00e3o que ter\u00e1 provocado a electrocuss\u00e3o.<\/p>\n<p>&#8220;A responsabilidade pela rede de ilumina\u00e7\u00e3o p\u00fablica da cidade encontra-se internalizada nos servi\u00e7os da c\u00e2mara municipal, que det\u00eam o conhecimento e experi\u00eancia de largas d\u00e9cadas na gest\u00e3o de uma rede que \u00e9 complexa&#8221;, come\u00e7ou por explicar o executivo liderado por Carlos Moedas, em esclarecimento enviado ao P3. &#8220;No que respeita ao caso concreto, denotamos desde j\u00e1 que os servi\u00e7os se encontram a efectuar uma peritagem ao equipamento em apre\u00e7o, conjuntamente com a <a href=\"https:\/\/www.publico.pt\/2025\/11\/05\/sociedade\/noticia\/mau-tempo-20-mil-descargas-electricas-150-ocorrencias-registadas-proteccao-civil-2153412\" target=\"_blank\" rel=\"nofollow noopener\">E-Redes<\/a>, de forma a identificar quais as causas do incidente em concreto.&#8221;<\/p>\n<p>A c\u00e2mara municipal informou n\u00e3o ter conhecimento de outras situa\u00e7\u00f5es semelhantes.<\/p>\n<p>O caso aconteceu na tarde de 15 de Novembro, durante um passeio. Mel, de 21 quilos, pisou uma po\u00e7a de \u00e1gua junto a um poste de ilumina\u00e7\u00e3o p\u00fablica e ter\u00e1 recebido uma descarga el\u00e9ctrica fatal, de cerca de 117 volts, como avan\u00e7a o <a href=\"https:\/\/www.dn.pt\/sociedade\/em-dois-dias-trs-ces-morrem-por-fortes-suspeitas-de-eletrocusso-responsabilidades-variam-consoante-os-municpios\" target=\"_blank\" rel=\"nofollow noopener\">Di\u00e1rio de Not\u00edcias <\/a>(DN), que cita um relat\u00f3rio dos bombeiros.<\/p>\n<p>Ao local foram chamados os Sapadores Bombeiros, um elemento da Junta de Freguesia do Parque das Na\u00e7\u00f5es e a PSP, que abriu uma investiga\u00e7\u00e3o.<\/p>\n<p>No dia anterior, 14 de Novembro, um incidente semelhante aconteceu a poucos quil\u00f3metros, junto a um parque infantil no bairro das Patameiras, em Odivelas.<\/p>\n<p>Pelas 20h, Soraia Silva saiu de casa para passear os dois c\u00e3es: Luna, de 12 anos, e Ozzy, de quatro meses. &#8220;Por volta das 20h25, pass\u00e1mos junto do candeeiro. O mais pequenino deu um ganido enorme. Pensei que se tivesse cortado. De repente, ambos ca\u00edram, sem vida. Foram electrocutados&#8221;, contou a tutora dos animais ao DN. Tamb\u00e9m nesse dia, a chuva tinha deixado o pavimento molhado.<\/p>\n<p>Estiveram no local elementos da Protec\u00e7\u00e3o Civil, PSP, Sapadores Bombeiros e uma ambul\u00e2ncia, al\u00e9m de um perito da E-Redes, empresa respons\u00e1vel por toda a manuten\u00e7\u00e3o da ilumina\u00e7\u00e3o p\u00fablica no munic\u00edpio de Odivelas.<\/p>\n<p>Em resposta ao P3, a E-Redes confirmou ter conhecimento da situa\u00e7\u00e3o e lamentou a morte dos dois c\u00e3es. &#8220;A empresa mobilizou equipas t\u00e9cnicas para o local, com vista a averigua\u00e7\u00f5es e \u00e0 garantia da seguran\u00e7a da rede. O processo encontra-se actualmente em an\u00e1lise interna com vista ao apuramento das causas.&#8221; A distribuidora de energia el\u00e9ctrica garantiu ainda que &#8220;eventuais responsabilidades apuradas ser\u00e3o assumidas pela empresa&#8221;.<\/p>\n<p>Os dois candeeiros envolvidos nas ocorr\u00eancias encontram-se agora fora de servi\u00e7o e isolados por fitas. Os corpos dos animais ser\u00e3o autopsiados.<\/p>\n<p>O P3 contactou a Pol\u00edcia de Seguran\u00e7a P\u00fablica, mas, at\u00e9 ao momento, n\u00e3o obteve mais esclarecimentos. <strong>Com Sofia Cardoso<\/strong><\/p>\n","protected":false},"excerpt":{"rendered":"Em menos de 24 horas, tr\u00eas c\u00e3es ter\u00e3o morrido electrocutados em Lisboa e Odivelas. Os donos estavam a&hellip;\n","protected":false},"author":2,"featured_media":158729,"comment_status":"","ping_status":"","sticky":false,"template":"","format":"standard","meta":{"footnotes":""},"categories":[10],"tags":[1353,27,28,6941,15,16,14,25,26,797,21,22,12,13,19,20,33874,534,32,23,24,33,17,18,29,30,31],"class_list":{"0":"post-158728","1":"post","2":"type-post","3":"status-publish","4":"format-standard","5":"has-post-thumbnail","7":"category-portugal","8":"tag-animais","9":"tag-breaking-news","10":"tag-breakingnews","11":"tag-cao","12":"tag-featured-news","13":"tag-featurednews","14":"tag-headlines","15":"tag-latest-news","16":"tag-latestnews","17":"tag-lisboa","18":"tag-main-news","19":"tag-mainnews","20":"tag-news","21":"tag-noticias","22":"tag-noticias-principais","23":"tag-noticiasprincipais","24":"tag-odivelas","25":"tag-p3","26":"tag-portugal","27":"tag-principais-noticias","28":"tag-principaisnoticias","29":"tag-pt","30":"tag-top-stories","31":"tag-topstories","32":"tag-ultimas","33":"tag-ultimas-noticias","34":"tag-ultimasnoticias"},"share_on_mastodon":{"url":"https:\/\/pubeurope.com\/@pt\/115581820805306600","error":""},"_links":{"self":[{"href":"https:\/\/www.europesays.com\/pt\/wp-json\/wp\/v2\/posts\/158728","targetHints":{"allow":["GET"]}}],"collection":[{"href":"https:\/\/www.europesays.com\/pt\/wp-json\/wp\/v2\/posts"}],"about":[{"href":"https:\/\/www.europesays.com\/pt\/wp-json\/wp\/v2\/types\/post"}],"author":[{"embeddable":true,"href":"https:\/\/www.europesays.com\/pt\/wp-json\/wp\/v2\/users\/2"}],"replies":[{"embeddable":true,"href":"https:\/\/www.europesays.com\/pt\/wp-json\/wp\/v2\/comments?post=158728"}],"version-history":[{"count":0,"href":"https:\/\/www.europesays.com\/pt\/wp-json\/wp\/v2\/posts\/158728\/revisions"}],"wp:featuredmedia":[{"embeddable":true,"href":"https:\/\/www.europesays.com\/pt\/wp-json\/wp\/v2\/media\/158729"}],"wp:attachment":[{"href":"https:\/\/www.europesays.com\/pt\/wp-json\/wp\/v2\/media?parent=158728"}],"wp:term":[{"taxonomy":"category","embeddable":true,"href":"https:\/\/www.europesays.com\/pt\/wp-json\/wp\/v2\/categories?post=158728"},{"taxonomy":"post_tag","embeddable":true,"href":"https:\/\/www.europesays.com\/pt\/wp-json\/wp\/v2\/tags?post=158728"}],"curies":[{"name":"wp","href":"https:\/\/api.w.org\/{rel}","templated":true}]}}